{"id":2103,"date":"2023-04-19T15:38:45","date_gmt":"2023-04-19T15:38:45","guid":{"rendered":"https:\/\/buenashastaelhueso.es\/postres-eco-pastis-de-formatge-fresc-i-albercocs"},"modified":"2023-04-19T15:38:45","modified_gmt":"2023-04-19T15:38:45","slug":"postres-eco-pastis-de-formatge-fresc-i-albercocs","status":"publish","type":"post","link":"https:\/\/buenashastaelhueso.es\/ca\/postres-eco-pastis-de-formatge-fresc-i-albercocs","title":{"rendered":"Postres Eco: Past\u00eds de formatge fresc i albercocs"},"content":{"rendered":"\n<p>Les fruites d\u00b4aquesta temporada estival ens donen l\u00b4oportunitat de gaudir-les fresques o de convertir-les en les protagonistes de plats tan meravellosos com aquest.<\/p>\n\n\n\n<p id=\"38037\">Els albercocs s\u00f3n una fruita primaveral riques en vitamines A i C, que s\u00f3n antioxidants i protegeixen aix\u00ed les nostres c\u00e8l\u00b7lules i refor\u00e7ant el nostre sistema immunol\u00f2gic. Ajuden a reduir la hipertensi\u00f3 i el colesterol, ajudant aix\u00ed el nostre sistema cardiovascular, i col\u00b7laboren a prevenir problemes ossis.<\/p>\n\n\n\n<p id=\"649465\"><strong>Past\u00eds de formatge i albercoc<\/strong><\/p>\n\n\n\n<p id=\"601103\">Ingredients:<\/p>\n\n\n\n<p id=\"640542\">250gr de galetes tipus Maria<\/p>\n\n\n\n<p id=\"184068\">60gr de mantega<\/p>\n\n\n\n<p id=\"867364\">Canyella en pols<\/p>\n\n\n\n<p id=\"661062\">800gr d&#8217;albercocs<\/p>\n\n\n\n<p id=\"208536\">3 ous<\/p>\n\n\n\n<p id=\"701253\">1 cullerada de maicena<\/p>\n\n\n\n<p id=\"443603\">50gr de sucre<\/p>\n\n\n\n<p id=\"258843\">1 cullerada d&#8217;aroma de vainilla<\/p>\n\n\n\n<p id=\"749168\">500gr de formatge fresc<\/p>\n\n\n\n<p id=\"692671\">Elaboraci\u00f3:<\/p>\n\n\n\n<p id=\"322894\">Esmicolem les galetes i les barregem amb la mantega fosa i un pessic de canyella creant una base per al past\u00eds, el posem al motlle que utilitzarem per al past\u00eds i reservem.<\/p>\n\n\n\n<p id=\"904334\">Separem les clares dels rovells.<\/p>\n\n\n\n<p id=\"810176\">En un bol posem els rovells amb el sucre i la cullerada d&#8217;aroma de vainilla, batem fins que es barregi tot b\u00e9. Afegim el formatge fresc ben aixafat amb una forquilla.<\/p>\n\n\n\n<p id=\"143687\">Triturem 600gr d&#8217;albercocs desossats i afegim a la barreja al costat de la cullerada de maizena. Batem perqu\u00e8 quedi ben barrejat tot.<\/p>\n\n\n\n<p id=\"825228\">Muntem les clares amb un pessic de sal afegim tamb\u00e9. Aboquem tota la barreja al motlle amb la base de gallea i enfornem durant 45 minuts a 180 \u00ba.<\/p>\n\n\n\n<p id=\"543722\">Preparem en fines tires la resta dels albercocs i aixafem amb ajuda d&#8217;una forquilla perqu\u00e8 quedi textura de melmelada, hi afegim una cullerada de sucre.<\/p>\n\n\n\n<p id=\"683038\">Quan treiem el past\u00eds del forn, deixem que es refredi i cobrim amb la cobertura d&#8217;albercoc que hem preparat.<\/p>\n","protected":false},"excerpt":{"rendered":"<p>Les fruites d\u00b4aquesta temporada estival ens donen l\u00b4oportunitat de gaudir-les fresques o de convertir-les en les protagonistes de plats tan meravellosos com aquest. Els albercocs s\u00f3n una fruita primaveral riques en vitamines A i C, que s\u00f3n antioxidants i protegeixen aix\u00ed les nostres c\u00e8l\u00b7lules i refor\u00e7ant el nostre sistema immunol\u00f2gic. Ajuden a reduir la hipertensi\u00f3 [&hellip;]<\/p>\n","protected":false},"author":1,"featured_media":1718,"comment_status":"open","ping_status":"open","sticky":false,"template":"","format":"standard","meta":{"footnotes":""},"categories":[87],"tags":[100],"class_list":["post-2103","post","type-post","status-publish","format-standard","has-post-thumbnail","hentry","category-receptes","tag-albercoc"],"yoast_head":"<!-- This site is optimized with the Yoast SEO plugin v27.5 - https:\/\/yoast.com\/product\/yoast-seo-wordpress\/ -->\n<title>Postres Eco: Past\u00eds de formatge fresc i albercocs - Buenas hasta el hueso<\/title>\n<meta name=\"robots\" content=\"index, follow, max-snippet:-1, max-image-preview:large, max-video-preview:-1\" \/>\n<link rel=\"canonical\" href=\"https:\/\/buenashastaelhueso.es\/postres-eco-pastis-de-formatge-fresc-i-albercocs\" \/>\n<meta property=\"og:locale\" content=\"ca_ES\" \/>\n<meta property=\"og:type\" content=\"article\" \/>\n<meta property=\"og:title\" content=\"Postres Eco: Past\u00eds de formatge fresc i albercocs - Buenas hasta el hueso\" \/>\n<meta property=\"og:description\" content=\"Les fruites d\u00b4aquesta temporada estival ens donen l\u00b4oportunitat de gaudir-les fresques o de convertir-les en les protagonistes de plats tan meravellosos com aquest. Els albercocs s\u00f3n una fruita primaveral riques en vitamines A i C, que s\u00f3n antioxidants i protegeixen aix\u00ed les nostres c\u00e8l\u00b7lules i refor\u00e7ant el nostre sistema immunol\u00f2gic. Ajuden a reduir la hipertensi\u00f3 [&hellip;]\" \/>\n<meta property=\"og:url\" content=\"https:\/\/buenashastaelhueso.es\/postres-eco-pastis-de-formatge-fresc-i-albercocs\" \/>\n<meta property=\"og:site_name\" content=\"Buenas hasta el hueso\" \/>\n<meta property=\"article:publisher\" content=\"https:\/\/www.facebook.com\/buenashastaelhueso\" \/>\n<meta property=\"article:published_time\" content=\"2023-04-19T15:38:45+00:00\" \/>\n<meta property=\"og:image\" content=\"https:\/\/buenashastaelhueso.es\/wp-content\/uploads\/2023\/05\/Buenas-Hasta-el-Hueso_logo.jpg\" \/>\n\t<meta property=\"og:image:width\" content=\"1200\" \/>\n\t<meta property=\"og:image:height\" content=\"675\" \/>\n\t<meta property=\"og:image:type\" content=\"image\/jpeg\" \/>\n<meta name=\"author\" content=\"Adminverabril\" \/>\n<meta name=\"twitter:card\" content=\"summary_large_image\" \/>\n<meta name=\"twitter:creator\" content=\"@Fruta_de_Hueso\" \/>\n<meta name=\"twitter:site\" content=\"@Fruta_de_Hueso\" \/>\n<meta name=\"twitter:label1\" content=\"Escrit per\" \/>\n\t<meta name=\"twitter:data1\" content=\"Adminverabril\" \/>\n\t<meta name=\"twitter:label2\" content=\"Temps estimat de lectura\" \/>\n\t<meta name=\"twitter:data2\" content=\"1 minut\" \/>\n<script type=\"application\/ld+json\" class=\"yoast-schema-graph\">{\"@context\":\"https:\\\/\\\/schema.org\",\"@graph\":[{\"@type\":\"Article\",\"@id\":\"https:\\\/\\\/buenashastaelhueso.es\\\/postres-eco-pastis-de-formatge-fresc-i-albercocs#article\",\"isPartOf\":{\"@id\":\"https:\\\/\\\/buenashastaelhueso.es\\\/postres-eco-pastis-de-formatge-fresc-i-albercocs\"},\"author\":{\"name\":\"Adminverabril\",\"@id\":\"https:\\\/\\\/buenashastaelhueso.es\\\/#\\\/schema\\\/person\\\/32e7987c8f268985fdbd7d1e95a3e895\"},\"headline\":\"Postres Eco: Past\u00eds de formatge fresc i albercocs\",\"datePublished\":\"2023-04-19T15:38:45+00:00\",\"mainEntityOfPage\":{\"@id\":\"https:\\\/\\\/buenashastaelhueso.es\\\/postres-eco-pastis-de-formatge-fresc-i-albercocs\"},\"wordCount\":293,\"commentCount\":0,\"publisher\":{\"@id\":\"https:\\\/\\\/buenashastaelhueso.es\\\/#organization\"},\"image\":{\"@id\":\"https:\\\/\\\/buenashastaelhueso.es\\\/postres-eco-pastis-de-formatge-fresc-i-albercocs#primaryimage\"},\"thumbnailUrl\":\"https:\\\/\\\/buenashastaelhueso.es\\\/wp-content\\\/uploads\\\/2023\\\/04\\\/TARTA_DE_QUESO_Y_ALBARICOQUE.jpg.1920x1920_q85-1.jpg.png\",\"keywords\":[\"albercoc\"],\"articleSection\":[\"Receptes\"],\"inLanguage\":\"ca\",\"potentialAction\":[{\"@type\":\"CommentAction\",\"name\":\"Comment\",\"target\":[\"https:\\\/\\\/buenashastaelhueso.es\\\/postres-eco-pastis-de-formatge-fresc-i-albercocs#respond\"]}]},{\"@type\":\"WebPage\",\"@id\":\"https:\\\/\\\/buenashastaelhueso.es\\\/postres-eco-pastis-de-formatge-fresc-i-albercocs\",\"url\":\"https:\\\/\\\/buenashastaelhueso.es\\\/postres-eco-pastis-de-formatge-fresc-i-albercocs\",\"name\":\"Postres Eco: Past\u00eds de formatge fresc i albercocs - Buenas hasta el hueso\",\"isPartOf\":{\"@id\":\"https:\\\/\\\/buenashastaelhueso.es\\\/#website\"},\"primaryImageOfPage\":{\"@id\":\"https:\\\/\\\/buenashastaelhueso.es\\\/postres-eco-pastis-de-formatge-fresc-i-albercocs#primaryimage\"},\"image\":{\"@id\":\"https:\\\/\\\/buenashastaelhueso.es\\\/postres-eco-pastis-de-formatge-fresc-i-albercocs#primaryimage\"},\"thumbnailUrl\":\"https:\\\/\\\/buenashastaelhueso.es\\\/wp-content\\\/uploads\\\/2023\\\/04\\\/TARTA_DE_QUESO_Y_ALBARICOQUE.jpg.1920x1920_q85-1.jpg.png\",\"datePublished\":\"2023-04-19T15:38:45+00:00\",\"breadcrumb\":{\"@id\":\"https:\\\/\\\/buenashastaelhueso.es\\\/postres-eco-pastis-de-formatge-fresc-i-albercocs#breadcrumb\"},\"inLanguage\":\"ca\",\"potentialAction\":[{\"@type\":\"ReadAction\",\"target\":[\"https:\\\/\\\/buenashastaelhueso.es\\\/postres-eco-pastis-de-formatge-fresc-i-albercocs\"]}]},{\"@type\":\"ImageObject\",\"inLanguage\":\"ca\",\"@id\":\"https:\\\/\\\/buenashastaelhueso.es\\\/postres-eco-pastis-de-formatge-fresc-i-albercocs#primaryimage\",\"url\":\"https:\\\/\\\/buenashastaelhueso.es\\\/wp-content\\\/uploads\\\/2023\\\/04\\\/TARTA_DE_QUESO_Y_ALBARICOQUE.jpg.1920x1920_q85-1.jpg.png\",\"contentUrl\":\"https:\\\/\\\/buenashastaelhueso.es\\\/wp-content\\\/uploads\\\/2023\\\/04\\\/TARTA_DE_QUESO_Y_ALBARICOQUE.jpg.1920x1920_q85-1.jpg.png\",\"width\":960,\"height\":518},{\"@type\":\"BreadcrumbList\",\"@id\":\"https:\\\/\\\/buenashastaelhueso.es\\\/postres-eco-pastis-de-formatge-fresc-i-albercocs#breadcrumb\",\"itemListElement\":[{\"@type\":\"ListItem\",\"position\":1,\"name\":\"Portada\",\"item\":\"https:\\\/\\\/buenashastaelhueso.es\\\/\"},{\"@type\":\"ListItem\",\"position\":2,\"name\":\"Postres Eco: Past\u00eds de formatge fresc i albercocs\"}]},{\"@type\":\"WebSite\",\"@id\":\"https:\\\/\\\/buenashastaelhueso.es\\\/#website\",\"url\":\"https:\\\/\\\/buenashastaelhueso.es\\\/\",\"name\":\"Buenas Hasta el Hueso\",\"description\":\"Melocot\u00f3n, cereza, albaricoque, ciruela, nectarina, paraguayo... Las frutas de hueso son todo sabor, \u00a1y muy sanas! Descubre Buenas Hasta El Hueso\",\"publisher\":{\"@id\":\"https:\\\/\\\/buenashastaelhueso.es\\\/#organization\"},\"potentialAction\":[{\"@type\":\"SearchAction\",\"target\":{\"@type\":\"EntryPoint\",\"urlTemplate\":\"https:\\\/\\\/buenashastaelhueso.es\\\/?s={search_term_string}\"},\"query-input\":{\"@type\":\"PropertyValueSpecification\",\"valueRequired\":true,\"valueName\":\"search_term_string\"}}],\"inLanguage\":\"ca\"},{\"@type\":\"Organization\",\"@id\":\"https:\\\/\\\/buenashastaelhueso.es\\\/#organization\",\"name\":\"Buenas Hasta el Hueso\",\"url\":\"https:\\\/\\\/buenashastaelhueso.es\\\/\",\"logo\":{\"@type\":\"ImageObject\",\"inLanguage\":\"ca\",\"@id\":\"https:\\\/\\\/buenashastaelhueso.es\\\/#\\\/schema\\\/logo\\\/image\\\/\",\"url\":\"https:\\\/\\\/buenashastaelhueso.es\\\/wp-content\\\/uploads\\\/2023\\\/05\\\/LOGO_2_JPEG.jpg\",\"contentUrl\":\"https:\\\/\\\/buenashastaelhueso.es\\\/wp-content\\\/uploads\\\/2023\\\/05\\\/LOGO_2_JPEG.jpg\",\"width\":1080,\"height\":1080,\"caption\":\"Buenas Hasta el Hueso\"},\"image\":{\"@id\":\"https:\\\/\\\/buenashastaelhueso.es\\\/#\\\/schema\\\/logo\\\/image\\\/\"},\"sameAs\":[\"https:\\\/\\\/www.facebook.com\\\/buenashastaelhueso\",\"https:\\\/\\\/x.com\\\/Fruta_de_Hueso\",\"https:\\\/\\\/www.instagram.com\\\/buenashastaelhueso\",\"https:\\\/\\\/www.youtube.com\\\/channel\\\/UCGcztHmqo_HxpsbEO2i-8gw\",\"https:\\\/\\\/www.tiktok.com\\\/@buenashastaelhueso\"]},{\"@type\":\"Person\",\"@id\":\"https:\\\/\\\/buenashastaelhueso.es\\\/#\\\/schema\\\/person\\\/32e7987c8f268985fdbd7d1e95a3e895\",\"name\":\"Adminverabril\",\"image\":{\"@type\":\"ImageObject\",\"inLanguage\":\"ca\",\"@id\":\"https:\\\/\\\/secure.gravatar.com\\\/avatar\\\/d7221e37c27fddd2b3ead0d5cc83af48521b4a8354cb0c62701db9702af43f82?s=96&d=mm&r=g\",\"url\":\"https:\\\/\\\/secure.gravatar.com\\\/avatar\\\/d7221e37c27fddd2b3ead0d5cc83af48521b4a8354cb0c62701db9702af43f82?s=96&d=mm&r=g\",\"contentUrl\":\"https:\\\/\\\/secure.gravatar.com\\\/avatar\\\/d7221e37c27fddd2b3ead0d5cc83af48521b4a8354cb0c62701db9702af43f82?s=96&d=mm&r=g\",\"caption\":\"Adminverabril\"},\"sameAs\":[\"http:\\\/\\\/buenashastaelhueso.es\"],\"url\":\"https:\\\/\\\/buenashastaelhueso.es\\\/ca\\\/author\\\/adminverabril\"}]}<\/script>\n<!-- \/ Yoast SEO plugin. -->","yoast_head_json":{"title":"Postres Eco: Past\u00eds de formatge fresc i albercocs - Buenas hasta el hueso","robots":{"index":"index","follow":"follow","max-snippet":"max-snippet:-1","max-image-preview":"max-image-preview:large","max-video-preview":"max-video-preview:-1"},"canonical":"https:\/\/buenashastaelhueso.es\/postres-eco-pastis-de-formatge-fresc-i-albercocs","og_locale":"ca_ES","og_type":"article","og_title":"Postres Eco: Past\u00eds de formatge fresc i albercocs - Buenas hasta el hueso","og_description":"Les fruites d\u00b4aquesta temporada estival ens donen l\u00b4oportunitat de gaudir-les fresques o de convertir-les en les protagonistes de plats tan meravellosos com aquest. Els albercocs s\u00f3n una fruita primaveral riques en vitamines A i C, que s\u00f3n antioxidants i protegeixen aix\u00ed les nostres c\u00e8l\u00b7lules i refor\u00e7ant el nostre sistema immunol\u00f2gic. Ajuden a reduir la hipertensi\u00f3 [&hellip;]","og_url":"https:\/\/buenashastaelhueso.es\/postres-eco-pastis-de-formatge-fresc-i-albercocs","og_site_name":"Buenas hasta el hueso","article_publisher":"https:\/\/www.facebook.com\/buenashastaelhueso","article_published_time":"2023-04-19T15:38:45+00:00","og_image":[{"width":1200,"height":675,"url":"https:\/\/buenashastaelhueso.es\/wp-content\/uploads\/2023\/05\/Buenas-Hasta-el-Hueso_logo.jpg","type":"image\/jpeg"}],"author":"Adminverabril","twitter_card":"summary_large_image","twitter_creator":"@Fruta_de_Hueso","twitter_site":"@Fruta_de_Hueso","twitter_misc":{"Escrit per":"Adminverabril","Temps estimat de lectura":"1 minut"},"schema":{"@context":"https:\/\/schema.org","@graph":[{"@type":"Article","@id":"https:\/\/buenashastaelhueso.es\/postres-eco-pastis-de-formatge-fresc-i-albercocs#article","isPartOf":{"@id":"https:\/\/buenashastaelhueso.es\/postres-eco-pastis-de-formatge-fresc-i-albercocs"},"author":{"name":"Adminverabril","@id":"https:\/\/buenashastaelhueso.es\/#\/schema\/person\/32e7987c8f268985fdbd7d1e95a3e895"},"headline":"Postres Eco: Past\u00eds de formatge fresc i albercocs","datePublished":"2023-04-19T15:38:45+00:00","mainEntityOfPage":{"@id":"https:\/\/buenashastaelhueso.es\/postres-eco-pastis-de-formatge-fresc-i-albercocs"},"wordCount":293,"commentCount":0,"publisher":{"@id":"https:\/\/buenashastaelhueso.es\/#organization"},"image":{"@id":"https:\/\/buenashastaelhueso.es\/postres-eco-pastis-de-formatge-fresc-i-albercocs#primaryimage"},"thumbnailUrl":"https:\/\/buenashastaelhueso.es\/wp-content\/uploads\/2023\/04\/TARTA_DE_QUESO_Y_ALBARICOQUE.jpg.1920x1920_q85-1.jpg.png","keywords":["albercoc"],"articleSection":["Receptes"],"inLanguage":"ca","potentialAction":[{"@type":"CommentAction","name":"Comment","target":["https:\/\/buenashastaelhueso.es\/postres-eco-pastis-de-formatge-fresc-i-albercocs#respond"]}]},{"@type":"WebPage","@id":"https:\/\/buenashastaelhueso.es\/postres-eco-pastis-de-formatge-fresc-i-albercocs","url":"https:\/\/buenashastaelhueso.es\/postres-eco-pastis-de-formatge-fresc-i-albercocs","name":"Postres Eco: Past\u00eds de formatge fresc i albercocs - Buenas hasta el hueso","isPartOf":{"@id":"https:\/\/buenashastaelhueso.es\/#website"},"primaryImageOfPage":{"@id":"https:\/\/buenashastaelhueso.es\/postres-eco-pastis-de-formatge-fresc-i-albercocs#primaryimage"},"image":{"@id":"https:\/\/buenashastaelhueso.es\/postres-eco-pastis-de-formatge-fresc-i-albercocs#primaryimage"},"thumbnailUrl":"https:\/\/buenashastaelhueso.es\/wp-content\/uploads\/2023\/04\/TARTA_DE_QUESO_Y_ALBARICOQUE.jpg.1920x1920_q85-1.jpg.png","datePublished":"2023-04-19T15:38:45+00:00","breadcrumb":{"@id":"https:\/\/buenashastaelhueso.es\/postres-eco-pastis-de-formatge-fresc-i-albercocs#breadcrumb"},"inLanguage":"ca","potentialAction":[{"@type":"ReadAction","target":["https:\/\/buenashastaelhueso.es\/postres-eco-pastis-de-formatge-fresc-i-albercocs"]}]},{"@type":"ImageObject","inLanguage":"ca","@id":"https:\/\/buenashastaelhueso.es\/postres-eco-pastis-de-formatge-fresc-i-albercocs#primaryimage","url":"https:\/\/buenashastaelhueso.es\/wp-content\/uploads\/2023\/04\/TARTA_DE_QUESO_Y_ALBARICOQUE.jpg.1920x1920_q85-1.jpg.png","contentUrl":"https:\/\/buenashastaelhueso.es\/wp-content\/uploads\/2023\/04\/TARTA_DE_QUESO_Y_ALBARICOQUE.jpg.1920x1920_q85-1.jpg.png","width":960,"height":518},{"@type":"BreadcrumbList","@id":"https:\/\/buenashastaelhueso.es\/postres-eco-pastis-de-formatge-fresc-i-albercocs#breadcrumb","itemListElement":[{"@type":"ListItem","position":1,"name":"Portada","item":"https:\/\/buenashastaelhueso.es\/"},{"@type":"ListItem","position":2,"name":"Postres Eco: Past\u00eds de formatge fresc i albercocs"}]},{"@type":"WebSite","@id":"https:\/\/buenashastaelhueso.es\/#website","url":"https:\/\/buenashastaelhueso.es\/","name":"Buenas Hasta el Hueso","description":"Melocot\u00f3n, cereza, albaricoque, ciruela, nectarina, paraguayo... Las frutas de hueso son todo sabor, \u00a1y muy sanas! Descubre Buenas Hasta El Hueso","publisher":{"@id":"https:\/\/buenashastaelhueso.es\/#organization"},"potentialAction":[{"@type":"SearchAction","target":{"@type":"EntryPoint","urlTemplate":"https:\/\/buenashastaelhueso.es\/?s={search_term_string}"},"query-input":{"@type":"PropertyValueSpecification","valueRequired":true,"valueName":"search_term_string"}}],"inLanguage":"ca"},{"@type":"Organization","@id":"https:\/\/buenashastaelhueso.es\/#organization","name":"Buenas Hasta el Hueso","url":"https:\/\/buenashastaelhueso.es\/","logo":{"@type":"ImageObject","inLanguage":"ca","@id":"https:\/\/buenashastaelhueso.es\/#\/schema\/logo\/image\/","url":"https:\/\/buenashastaelhueso.es\/wp-content\/uploads\/2023\/05\/LOGO_2_JPEG.jpg","contentUrl":"https:\/\/buenashastaelhueso.es\/wp-content\/uploads\/2023\/05\/LOGO_2_JPEG.jpg","width":1080,"height":1080,"caption":"Buenas Hasta el Hueso"},"image":{"@id":"https:\/\/buenashastaelhueso.es\/#\/schema\/logo\/image\/"},"sameAs":["https:\/\/www.facebook.com\/buenashastaelhueso","https:\/\/x.com\/Fruta_de_Hueso","https:\/\/www.instagram.com\/buenashastaelhueso","https:\/\/www.youtube.com\/channel\/UCGcztHmqo_HxpsbEO2i-8gw","https:\/\/www.tiktok.com\/@buenashastaelhueso"]},{"@type":"Person","@id":"https:\/\/buenashastaelhueso.es\/#\/schema\/person\/32e7987c8f268985fdbd7d1e95a3e895","name":"Adminverabril","image":{"@type":"ImageObject","inLanguage":"ca","@id":"https:\/\/secure.gravatar.com\/avatar\/d7221e37c27fddd2b3ead0d5cc83af48521b4a8354cb0c62701db9702af43f82?s=96&d=mm&r=g","url":"https:\/\/secure.gravatar.com\/avatar\/d7221e37c27fddd2b3ead0d5cc83af48521b4a8354cb0c62701db9702af43f82?s=96&d=mm&r=g","contentUrl":"https:\/\/secure.gravatar.com\/avatar\/d7221e37c27fddd2b3ead0d5cc83af48521b4a8354cb0c62701db9702af43f82?s=96&d=mm&r=g","caption":"Adminverabril"},"sameAs":["http:\/\/buenashastaelhueso.es"],"url":"https:\/\/buenashastaelhueso.es\/ca\/author\/adminverabril"}]}},"_links":{"self":[{"href":"https:\/\/buenashastaelhueso.es\/ca\/wp-json\/wp\/v2\/posts\/2103","targetHints":{"allow":["GET"]}}],"collection":[{"href":"https:\/\/buenashastaelhueso.es\/ca\/wp-json\/wp\/v2\/posts"}],"about":[{"href":"https:\/\/buenashastaelhueso.es\/ca\/wp-json\/wp\/v2\/types\/post"}],"author":[{"embeddable":true,"href":"https:\/\/buenashastaelhueso.es\/ca\/wp-json\/wp\/v2\/users\/1"}],"replies":[{"embeddable":true,"href":"https:\/\/buenashastaelhueso.es\/ca\/wp-json\/wp\/v2\/comments?post=2103"}],"version-history":[{"count":0,"href":"https:\/\/buenashastaelhueso.es\/ca\/wp-json\/wp\/v2\/posts\/2103\/revisions"}],"wp:featuredmedia":[{"embeddable":true,"href":"https:\/\/buenashastaelhueso.es\/ca\/wp-json\/wp\/v2\/media\/1718"}],"wp:attachment":[{"href":"https:\/\/buenashastaelhueso.es\/ca\/wp-json\/wp\/v2\/media?parent=2103"}],"wp:term":[{"taxonomy":"category","embeddable":true,"href":"https:\/\/buenashastaelhueso.es\/ca\/wp-json\/wp\/v2\/categories?post=2103"},{"taxonomy":"post_tag","embeddable":true,"href":"https:\/\/buenashastaelhueso.es\/ca\/wp-json\/wp\/v2\/tags?post=2103"}],"curies":[{"name":"wp","href":"https:\/\/api.w.org\/{rel}","templated":true}]}}