{"id":2100,"date":"2023-05-18T14:51:23","date_gmt":"2023-05-18T14:51:23","guid":{"rendered":"https:\/\/buenashastaelhueso.es\/lassemblea-de-cooperatives-agroalimentaries-despanya-reafirma-el-compromis-de-les-cooperatives-amb-la-sostenibilitat-economica-i-social-del-medi-rural-amb-un-espai-destacat-per-a-la-fruita-de-pin"},"modified":"2023-05-18T14:51:23","modified_gmt":"2023-05-18T14:51:23","slug":"lassemblea-de-cooperatives-agroalimentaries-despanya-reafirma-el-compromis-de-les-cooperatives-amb-la-sostenibilitat-economica-i-social-del-medi-rural-amb-un-espai-destacat-per-a-la-fruita-de-pin","status":"publish","type":"post","link":"https:\/\/buenashastaelhueso.es\/ca\/lassemblea-de-cooperatives-agroalimentaries-despanya-reafirma-el-compromis-de-les-cooperatives-amb-la-sostenibilitat-economica-i-social-del-medi-rural-amb-un-espai-destacat-per-a-la-fruita-de-pin","title":{"rendered":"L&#8217;assemblea de Cooperatives Agroaliment\u00e0ries d&#8217;Espanya reafirma el comprom\u00eds de les cooperatives amb la sostenibilitat econ\u00f2mica i social del medi rural, amb un espai destacat per a la fruita de pinyol"},"content":{"rendered":"\n<p><em>L&#8217;Assemblea de Cooperatives Agroaliment\u00e0ries d&#8217;Espanya ha volgut que la campanya &#8220;Bones Fins a l&#8217;Os&#8221;, que pret\u00e9n animar a gaudir de la fruita d&#8217;os de temporada de cooperatives espanyoles, tingui un espai destacat a l&#8217;esdeveniment<\/em><\/p>\n\n\n\n<h3 class=\"wp-block-heading\">Campanya de suport a fruites de pinyol de cooperatives<\/h3>\n\n\n\n<p><strong><a href=\"https:\/\/www.agro-alimentarias.coop\/\" target=\"_blank\" rel=\"noreferrer noopener\">Cooperatives Agroaliment\u00e0ries d&#8217;Espanya<\/a><\/strong> ha celebrat avui la seva Assemblea General anual a l&#8217; <strong>Escola d&#8217;Enginyers Agr\u00f2noms de la Universitat Polit\u00e8cnica de Madrid, ETSIAAB<\/strong> , que ha reunit m\u00e9s d&#8217;un centenar de delegats de cooperatives i representants del sector agroalimentari.<\/p>\n\n\n\n<p>L&#8217;Assemblea de Cooperatives Agroaliment\u00e0ries d&#8217;Espanya ha volgut que la campanya <strong>&#8220;Bones Fins a l&#8217;Os&#8221;<\/strong> , que pret\u00e9n animar a gaudir de la fruita d&#8217;os de temporada de cooperatives espanyoles, tingui un espai destacat a l&#8217;esdeveniment.<\/p>\n\n\n\n<p><strong>Pr\u00e9ssecs, nectarines, albercocs, prunes, paraguaians i cireres<\/strong> , <strong>totes fruita de pinyol<\/strong> , han format part d&#8217;un bodeg\u00f3 i han ajudat a posar en valor, entre els assistents a l&#8217;Assemblea, el paper dels agricultors i les seves cooperatives per oferir als consumidors aliments sans i segurs, propers, i produ\u00efts de manera sostenible, donant suport a l&#8217;economia del medi rural i el futur dels milers d&#8217;explotacions familiars que viuen als nostres pobles.<\/p>\n\n\n\n<h3 class=\"wp-block-heading\">Labor del cooperativisme<\/h3>\n\n\n\n<p>El president de Cooperatives Agroaliment\u00e0ries d&#8217;Espanya, <strong>\u00c1ngel Villafranca<\/strong> , ha destacat a la clausura que &#8221; <em>davant la situaci\u00f3 de sequera actual cal investigar, innovar, invertir i garantir l&#8217;\u00fas de l&#8217;aigua a l&#8217;agricultura per continuar produint aliments<\/em> &#8220;. Aix\u00ed mateix, ha reiterat que \u201c <em>si es volen preservar les estructures productives, com s\u00f3n les cooperatives, transformadores i comercialitzadors dels aliments que els nostres agricultors i ramaders produeixen cal que s&#8217;ampli\u00efn les mesures que ha presentat el Govern recentment<\/em> \u201d.<\/p>\n\n\n\n<p>Durant el seu discurs \u00c1ngel Villafranca, ha destacat que <strong>123.000 persones treballen en cooperatives, d&#8217;elles un 46% dones<\/strong> , cosa que mostra l&#8217;important rol que exerceixen les cooperatives com a fixadores d&#8217;ocupaci\u00f3 estable al <strong>medi rural<\/strong> , tal com recull l&#8217;Observatori del Cooperativisme Agroalimentari Espanyol, elaborats amb les dades del 2021.<\/p>\n\n\n\n<p>\u00c1ngel Villafranca ha incidit en la import\u00e0ncia del cooperativisme i la seva contribuci\u00f3 al sector agroalimentari espanyol, no nom\u00e9s per mantenir una important activitat econ\u00f2mica i ocupaci\u00f3 estable, sin\u00f3 tamb\u00e9 per seguir fidels al seu comprom\u00eds amb les zones rurals on s&#8217;assenten. El cooperativisme agroalimentari al nostre pa\u00eds <strong><a href=\"https:\/\/buenashastaelhueso.es\/conocenos\">agrupa m\u00e9s d&#8217;un mili\u00f3 de fam\u00edlies s\u00f2cies, en 3.669 cooperatives, que van facturar 38.428 milions d&#8217;euros el 2021<\/a><\/strong> , un +12,3% respecte a l&#8217;any anterior.<\/p>\n\n\n\n<p>L&#8217;acte tamb\u00e9 ha comptat amb la pres\u00e8ncia del <strong>ministre d&#8217;Agricultura, Pesca i Alimentaci\u00f3, Luis Planas<\/strong> , que ha subratllat que \u00e9s conscient del que suposa la disminuci\u00f3 d&#8217;activitat per a les cooperatives a causa de la sequera i que per aix\u00f2 es preveuen mesures d&#8217;\u00edndole fiscal, laboral i de liquiditat econ\u00f2mica.<\/p>\n\n\n\n<p>Abans del lliurament de Premis i de la cloenda de l&#8217;Assemblea, els assistents van tenir l&#8217;oportunitat d&#8217;escoltar la xerrada \u201cEspanya al m\u00f3n 2023: perspectives i desafiaments\u201d, a c\u00e0rrec de Jorge Tamames. L&#8217;investigador del Real Instituto Elcano s&#8217;ha referit a la continu\u00eftat de la guerra a Ucra\u00efna i la presid\u00e8ncia espanyola del Consell de la UE durant la segona meitat de l&#8217;any.<\/p>\n\n\n\n<h3 class=\"wp-block-heading\">Premis Cooperatives Agroaliment\u00e0ries d&#8217;Espanya 2023<\/h3>\n\n\n\n<p>Durant l&#8217;Assemblea s&#8217;han lliurat els Premis Cooperatives Agroaliment\u00e0ries d&#8217;Espanya. En aquesta vuitena edici\u00f3, les cooperatives guanyadores han estat <strong>Grup AN S. Coop, Comtes d&#8217;Albarei, Celler Cuatro Rayas i Vi\u00f1a Costeira.<\/strong><\/p>\n\n\n\n<figure class=\"wp-block-gallery has-nested-images columns-default is-cropped wp-block-gallery-1 is-layout-flex wp-block-gallery-is-layout-flex\">\n<figure class=\"wp-block-image size-large\"><img fetchpriority=\"high\" decoding=\"async\" width=\"1024\" height=\"768\" data-id=\"1016\" src=\"https:\/\/buenashastaelhueso.es\/wp-content\/uploads\/2023\/05\/20230517_085936-1024x768.jpg\" alt=\"\" class=\"wp-image-1016\" srcset=\"https:\/\/buenashastaelhueso.es\/wp-content\/uploads\/2023\/05\/20230517_085936-1024x768.jpg 1024w, https:\/\/buenashastaelhueso.es\/wp-content\/uploads\/2023\/05\/20230517_085936-300x225.jpg 300w, https:\/\/buenashastaelhueso.es\/wp-content\/uploads\/2023\/05\/20230517_085936-768x576.jpg 768w, https:\/\/buenashastaelhueso.es\/wp-content\/uploads\/2023\/05\/20230517_085936-1536x1152.jpg 1536w, https:\/\/buenashastaelhueso.es\/wp-content\/uploads\/2023\/05\/20230517_085936-2048x1536.jpg 2048w\" sizes=\"(max-width: 1024px) 100vw, 1024px\" \/><\/figure>\n\n\n\n<figure class=\"wp-block-image size-large\"><img decoding=\"async\" width=\"1024\" height=\"768\" data-id=\"1018\" src=\"https:\/\/buenashastaelhueso.es\/wp-content\/uploads\/2023\/05\/20230517_113448-1024x768.jpg\" alt=\"\" class=\"wp-image-1018\" srcset=\"https:\/\/buenashastaelhueso.es\/wp-content\/uploads\/2023\/05\/20230517_113448-1024x768.jpg 1024w, https:\/\/buenashastaelhueso.es\/wp-content\/uploads\/2023\/05\/20230517_113448-300x225.jpg 300w, https:\/\/buenashastaelhueso.es\/wp-content\/uploads\/2023\/05\/20230517_113448-768x576.jpg 768w, https:\/\/buenashastaelhueso.es\/wp-content\/uploads\/2023\/05\/20230517_113448-1536x1152.jpg 1536w, https:\/\/buenashastaelhueso.es\/wp-content\/uploads\/2023\/05\/20230517_113448-2048x1536.jpg 2048w\" sizes=\"(max-width: 1024px) 100vw, 1024px\" \/><\/figure>\n\n\n\n<figure class=\"wp-block-image size-large\"><img decoding=\"async\" width=\"1024\" height=\"768\" data-id=\"1017\" src=\"https:\/\/buenashastaelhueso.es\/wp-content\/uploads\/2023\/05\/20230517_151335-1024x768.jpg\" alt=\"\" class=\"wp-image-1017\" srcset=\"https:\/\/buenashastaelhueso.es\/wp-content\/uploads\/2023\/05\/20230517_151335-1024x768.jpg 1024w, https:\/\/buenashastaelhueso.es\/wp-content\/uploads\/2023\/05\/20230517_151335-300x225.jpg 300w, https:\/\/buenashastaelhueso.es\/wp-content\/uploads\/2023\/05\/20230517_151335-768x576.jpg 768w, https:\/\/buenashastaelhueso.es\/wp-content\/uploads\/2023\/05\/20230517_151335-1536x1152.jpg 1536w, https:\/\/buenashastaelhueso.es\/wp-content\/uploads\/2023\/05\/20230517_151335-2048x1536.jpg 2048w\" sizes=\"(max-width: 1024px) 100vw, 1024px\" \/><\/figure>\n\n\n\n<figure class=\"wp-block-image size-large\"><img loading=\"lazy\" decoding=\"async\" width=\"1024\" height=\"683\" data-id=\"1010\" src=\"https:\/\/buenashastaelhueso.es\/wp-content\/uploads\/2023\/05\/IMG_1615-1024x683.jpg\" alt=\"\" class=\"wp-image-1010\" srcset=\"https:\/\/buenashastaelhueso.es\/wp-content\/uploads\/2023\/05\/IMG_1615-1024x683.jpg 1024w, https:\/\/buenashastaelhueso.es\/wp-content\/uploads\/2023\/05\/IMG_1615-300x200.jpg 300w, https:\/\/buenashastaelhueso.es\/wp-content\/uploads\/2023\/05\/IMG_1615-768x512.jpg 768w, https:\/\/buenashastaelhueso.es\/wp-content\/uploads\/2023\/05\/IMG_1615-1536x1024.jpg 1536w, https:\/\/buenashastaelhueso.es\/wp-content\/uploads\/2023\/05\/IMG_1615-2048x1365.jpg 2048w\" sizes=\"(max-width: 1024px) 100vw, 1024px\" \/><\/figure>\n\n\n\n<figure class=\"wp-block-image size-large\"><img loading=\"lazy\" decoding=\"async\" width=\"1024\" height=\"683\" data-id=\"1013\" src=\"https:\/\/buenashastaelhueso.es\/wp-content\/uploads\/2023\/05\/IMG_1621-1024x683.jpg\" alt=\"\" class=\"wp-image-1013\" srcset=\"https:\/\/buenashastaelhueso.es\/wp-content\/uploads\/2023\/05\/IMG_1621-1024x683.jpg 1024w, https:\/\/buenashastaelhueso.es\/wp-content\/uploads\/2023\/05\/IMG_1621-300x200.jpg 300w, https:\/\/buenashastaelhueso.es\/wp-content\/uploads\/2023\/05\/IMG_1621-768x512.jpg 768w, https:\/\/buenashastaelhueso.es\/wp-content\/uploads\/2023\/05\/IMG_1621-1536x1024.jpg 1536w, https:\/\/buenashastaelhueso.es\/wp-content\/uploads\/2023\/05\/IMG_1621-2048x1365.jpg 2048w\" sizes=\"(max-width: 1024px) 100vw, 1024px\" \/><\/figure>\n\n\n\n<figure class=\"wp-block-image size-large\"><img loading=\"lazy\" decoding=\"async\" width=\"1024\" height=\"683\" data-id=\"1011\" src=\"https:\/\/buenashastaelhueso.es\/wp-content\/uploads\/2023\/05\/IMG_1624-1024x683.jpg\" alt=\"\" class=\"wp-image-1011\" srcset=\"https:\/\/buenashastaelhueso.es\/wp-content\/uploads\/2023\/05\/IMG_1624-1024x683.jpg 1024w, https:\/\/buenashastaelhueso.es\/wp-content\/uploads\/2023\/05\/IMG_1624-300x200.jpg 300w, https:\/\/buenashastaelhueso.es\/wp-content\/uploads\/2023\/05\/IMG_1624-768x512.jpg 768w, https:\/\/buenashastaelhueso.es\/wp-content\/uploads\/2023\/05\/IMG_1624-1536x1024.jpg 1536w, https:\/\/buenashastaelhueso.es\/wp-content\/uploads\/2023\/05\/IMG_1624-2048x1365.jpg 2048w\" sizes=\"(max-width: 1024px) 100vw, 1024px\" \/><\/figure>\n\n\n\n<figure class=\"wp-block-image size-large\"><img loading=\"lazy\" decoding=\"async\" width=\"1024\" height=\"683\" data-id=\"1012\" src=\"https:\/\/buenashastaelhueso.es\/wp-content\/uploads\/2023\/05\/IMG_1629-1024x683.jpg\" alt=\"\" class=\"wp-image-1012\" srcset=\"https:\/\/buenashastaelhueso.es\/wp-content\/uploads\/2023\/05\/IMG_1629-1024x683.jpg 1024w, https:\/\/buenashastaelhueso.es\/wp-content\/uploads\/2023\/05\/IMG_1629-300x200.jpg 300w, https:\/\/buenashastaelhueso.es\/wp-content\/uploads\/2023\/05\/IMG_1629-768x512.jpg 768w, https:\/\/buenashastaelhueso.es\/wp-content\/uploads\/2023\/05\/IMG_1629-1536x1024.jpg 1536w, https:\/\/buenashastaelhueso.es\/wp-content\/uploads\/2023\/05\/IMG_1629-2048x1365.jpg 2048w\" sizes=\"(max-width: 1024px) 100vw, 1024px\" \/><\/figure>\n\n\n\n<figure class=\"wp-block-image size-large\"><img loading=\"lazy\" decoding=\"async\" width=\"1024\" height=\"683\" data-id=\"1014\" src=\"https:\/\/buenashastaelhueso.es\/wp-content\/uploads\/2023\/05\/IMG_1655-1024x683.jpg\" alt=\"\" class=\"wp-image-1014\" srcset=\"https:\/\/buenashastaelhueso.es\/wp-content\/uploads\/2023\/05\/IMG_1655-1024x683.jpg 1024w, https:\/\/buenashastaelhueso.es\/wp-content\/uploads\/2023\/05\/IMG_1655-300x200.jpg 300w, https:\/\/buenashastaelhueso.es\/wp-content\/uploads\/2023\/05\/IMG_1655-768x512.jpg 768w, https:\/\/buenashastaelhueso.es\/wp-content\/uploads\/2023\/05\/IMG_1655-1536x1024.jpg 1536w, https:\/\/buenashastaelhueso.es\/wp-content\/uploads\/2023\/05\/IMG_1655-2048x1365.jpg 2048w\" sizes=\"(max-width: 1024px) 100vw, 1024px\" \/><\/figure>\n\n\n\n<figure class=\"wp-block-image size-large\"><img loading=\"lazy\" decoding=\"async\" width=\"1024\" height=\"683\" data-id=\"1015\" src=\"https:\/\/buenashastaelhueso.es\/wp-content\/uploads\/2023\/05\/IMG_1769-1024x683.jpg\" alt=\"\" class=\"wp-image-1015\" srcset=\"https:\/\/buenashastaelhueso.es\/wp-content\/uploads\/2023\/05\/IMG_1769-1024x683.jpg 1024w, https:\/\/buenashastaelhueso.es\/wp-content\/uploads\/2023\/05\/IMG_1769-300x200.jpg 300w, https:\/\/buenashastaelhueso.es\/wp-content\/uploads\/2023\/05\/IMG_1769-768x512.jpg 768w, https:\/\/buenashastaelhueso.es\/wp-content\/uploads\/2023\/05\/IMG_1769-1536x1024.jpg 1536w, https:\/\/buenashastaelhueso.es\/wp-content\/uploads\/2023\/05\/IMG_1769-2048x1365.jpg 2048w\" sizes=\"(max-width: 1024px) 100vw, 1024px\" \/><\/figure>\n<\/figure>\n","protected":false},"excerpt":{"rendered":"<p>Cooperatives Agroaliment\u00e0ries d&#8217;Espanya i les federacions regionals de M\u00farcia, Arag\u00f3, Comunitat Valenciana i Catalunya llancen una campanya amb l&#8217;objectiu de fomentar-ne el consum entre els consumidors i difondre&#8217;n les bondats com a font de vitamines i de salut.<\/p>\n","protected":false},"author":1,"featured_media":1794,"comment_status":"open","ping_status":"open","sticky":false,"template":"","format":"standard","meta":{"footnotes":""},"categories":[119],"tags":[100,182,120,188,93,187,183,126,184,180,186,147,185,88,101,99,102,129,128,127,181,189],"class_list":["post-2100","post","type-post","status-publish","format-standard","has-post-thumbnail","hentry","category-noticies","tag-albercoc","tag-angel-villafranca-ca","tag-bones-fins-a-los","tag-celler-quatre-ratlles","tag-cirera","tag-comtes-dalbarei","tag-cooperatives-ca","tag-cooperatives-agroalimentaries-despanya","tag-cooperativisme","tag-escola-denginyers-agronoms","tag-grup-an-s-coop","tag-luis-planas-ca","tag-medi-rural","tag-nectarina-ca","tag-paraguaia","tag-pressec","tag-pruna","tag-sabor-ca","tag-saludable-ca","tag-salut","tag-universitat-politecnica-de-madrid","tag-vinya-costeira"],"yoast_head":"<!-- This site is optimized with the Yoast SEO plugin v27.5 - https:\/\/yoast.com\/product\/yoast-seo-wordpress\/ -->\n<title>L&#039;assemblea de Cooperatives Agroaliment\u00e0ries d&#039;Espanya reafirma el comprom\u00eds de les cooperatives amb la sostenibilitat econ\u00f2mica i social del medi rural, amb un espai destacat per a la fruita de pinyol - Buenas hasta el hueso<\/title>\n<meta name=\"description\" content=\"Cooperatives Agroaliment\u00e0ries d&#039;Espanya i les federacions regionals de M\u00farcia, Arag\u00f3, el Pa\u00eds Valenci\u00e0 i Catalunya llancen una campanya amb l&#039;objectiu de fomentar el consum de la fruita de pinyol\" \/>\n<meta name=\"robots\" content=\"index, follow, max-snippet:-1, max-image-preview:large, max-video-preview:-1\" \/>\n<link rel=\"canonical\" href=\"https:\/\/buenashastaelhueso.es\/ca\/lassemblea-de-cooperatives-agroalimentaries-despanya-reafirma-el-compromis-de-les-cooperatives-amb-la-sostenibilitat-economica-i-social-del-medi-rural-amb-un-espai-destacat-per-a-la-fruita-de-pin\" \/>\n<meta property=\"og:locale\" content=\"ca_ES\" \/>\n<meta property=\"og:type\" content=\"article\" \/>\n<meta property=\"og:title\" content=\"L&#039;assemblea de Cooperatives Agroaliment\u00e0ries d&#039;Espanya reafirma el comprom\u00eds de les cooperatives amb la sostenibilitat econ\u00f2mica i social del medi rural, amb un espai destacat per a la fruita de pinyol - Buenas hasta el hueso\" \/>\n<meta property=\"og:description\" content=\"Cooperatives Agroaliment\u00e0ries d&#039;Espanya i les federacions regionals de M\u00farcia, Arag\u00f3, el Pa\u00eds Valenci\u00e0 i Catalunya llancen una campanya amb l&#039;objectiu de fomentar el consum de la fruita de pinyol\" \/>\n<meta property=\"og:url\" content=\"https:\/\/buenashastaelhueso.es\/ca\/lassemblea-de-cooperatives-agroalimentaries-despanya-reafirma-el-compromis-de-les-cooperatives-amb-la-sostenibilitat-economica-i-social-del-medi-rural-amb-un-espai-destacat-per-a-la-fruita-de-pin\" \/>\n<meta property=\"og:site_name\" content=\"Buenas hasta el hueso\" \/>\n<meta property=\"article:publisher\" content=\"https:\/\/www.facebook.com\/buenashastaelhueso\" \/>\n<meta property=\"article:published_time\" content=\"2023-05-18T14:51:23+00:00\" \/>\n<meta property=\"og:image\" content=\"https:\/\/buenashastaelhueso.es\/wp-content\/uploads\/2023\/05\/Buenas-Hasta-el-Hueso-Asamblea-Coop-Espana-bodegon.png\" \/>\n\t<meta property=\"og:image:width\" content=\"1200\" \/>\n\t<meta property=\"og:image:height\" content=\"628\" \/>\n\t<meta property=\"og:image:type\" content=\"image\/png\" \/>\n<meta name=\"author\" content=\"Adminverabril\" \/>\n<meta name=\"twitter:card\" content=\"summary_large_image\" \/>\n<meta name=\"twitter:creator\" content=\"@Fruta_de_Hueso\" \/>\n<meta name=\"twitter:site\" content=\"@Fruta_de_Hueso\" \/>\n<meta name=\"twitter:label1\" content=\"Escrit per\" \/>\n\t<meta name=\"twitter:data1\" content=\"Adminverabril\" \/>\n\t<meta name=\"twitter:label2\" content=\"Temps estimat de lectura\" \/>\n\t<meta name=\"twitter:data2\" content=\"3 minuts\" \/>\n<script type=\"application\/ld+json\" class=\"yoast-schema-graph\">{\"@context\":\"https:\\\/\\\/schema.org\",\"@graph\":[{\"@type\":\"Article\",\"@id\":\"https:\\\/\\\/buenashastaelhueso.es\\\/ca\\\/lassemblea-de-cooperatives-agroalimentaries-despanya-reafirma-el-compromis-de-les-cooperatives-amb-la-sostenibilitat-economica-i-social-del-medi-rural-amb-un-espai-destacat-per-a-la-fruita-de-pin#article\",\"isPartOf\":{\"@id\":\"https:\\\/\\\/buenashastaelhueso.es\\\/ca\\\/lassemblea-de-cooperatives-agroalimentaries-despanya-reafirma-el-compromis-de-les-cooperatives-amb-la-sostenibilitat-economica-i-social-del-medi-rural-amb-un-espai-destacat-per-a-la-fruita-de-pin\"},\"author\":{\"name\":\"Adminverabril\",\"@id\":\"https:\\\/\\\/buenashastaelhueso.es\\\/#\\\/schema\\\/person\\\/32e7987c8f268985fdbd7d1e95a3e895\"},\"headline\":\"L&#8217;assemblea de Cooperatives Agroaliment\u00e0ries d&#8217;Espanya reafirma el comprom\u00eds de les cooperatives amb la sostenibilitat econ\u00f2mica i social del medi rural, amb un espai destacat per a la fruita de pinyol\",\"datePublished\":\"2023-05-18T14:51:23+00:00\",\"mainEntityOfPage\":{\"@id\":\"https:\\\/\\\/buenashastaelhueso.es\\\/ca\\\/lassemblea-de-cooperatives-agroalimentaries-despanya-reafirma-el-compromis-de-les-cooperatives-amb-la-sostenibilitat-economica-i-social-del-medi-rural-amb-un-espai-destacat-per-a-la-fruita-de-pin\"},\"wordCount\":630,\"commentCount\":0,\"publisher\":{\"@id\":\"https:\\\/\\\/buenashastaelhueso.es\\\/#organization\"},\"image\":{\"@id\":\"https:\\\/\\\/buenashastaelhueso.es\\\/ca\\\/lassemblea-de-cooperatives-agroalimentaries-despanya-reafirma-el-compromis-de-les-cooperatives-amb-la-sostenibilitat-economica-i-social-del-medi-rural-amb-un-espai-destacat-per-a-la-fruita-de-pin#primaryimage\"},\"thumbnailUrl\":\"https:\\\/\\\/buenashastaelhueso.es\\\/wp-content\\\/uploads\\\/2023\\\/05\\\/Buenas-Hasta-el-Hueso-Asamblea-Coop-Espana-bodegon.png\",\"keywords\":[\"albercoc\",\"\u00c0ngel Villafranca\",\"bones fins a l'os\",\"Celler Quatre Ratlles\",\"cirera\",\"Comtes d'Albarei\",\"cooperatives\",\"Cooperatives Agroaliment\u00e0ries d'Espanya\",\"cooperativisme\",\"Escola d'Enginyers Agr\u00f2noms\",\"Grup AN S. Coop\",\"Luis Planas\",\"medi rural\",\"nectarina\",\"paraguai\u00e0\",\"pr\u00e9ssec\",\"pruna\",\"sabor\",\"saludable\",\"salut\",\"Universitat Polit\u00e8cnica de Madrid\",\"Vinya Costeira\"],\"articleSection\":[\"Not\u00edcies\"],\"inLanguage\":\"ca\",\"potentialAction\":[{\"@type\":\"CommentAction\",\"name\":\"Comment\",\"target\":[\"https:\\\/\\\/buenashastaelhueso.es\\\/ca\\\/lassemblea-de-cooperatives-agroalimentaries-despanya-reafirma-el-compromis-de-les-cooperatives-amb-la-sostenibilitat-economica-i-social-del-medi-rural-amb-un-espai-destacat-per-a-la-fruita-de-pin#respond\"]}]},{\"@type\":\"WebPage\",\"@id\":\"https:\\\/\\\/buenashastaelhueso.es\\\/ca\\\/lassemblea-de-cooperatives-agroalimentaries-despanya-reafirma-el-compromis-de-les-cooperatives-amb-la-sostenibilitat-economica-i-social-del-medi-rural-amb-un-espai-destacat-per-a-la-fruita-de-pin\",\"url\":\"https:\\\/\\\/buenashastaelhueso.es\\\/ca\\\/lassemblea-de-cooperatives-agroalimentaries-despanya-reafirma-el-compromis-de-les-cooperatives-amb-la-sostenibilitat-economica-i-social-del-medi-rural-amb-un-espai-destacat-per-a-la-fruita-de-pin\",\"name\":\"L'assemblea de Cooperatives Agroaliment\u00e0ries d'Espanya reafirma el comprom\u00eds de les cooperatives amb la sostenibilitat econ\u00f2mica i social del medi rural, amb un espai destacat per a la fruita de pinyol - Buenas hasta el hueso\",\"isPartOf\":{\"@id\":\"https:\\\/\\\/buenashastaelhueso.es\\\/#website\"},\"primaryImageOfPage\":{\"@id\":\"https:\\\/\\\/buenashastaelhueso.es\\\/ca\\\/lassemblea-de-cooperatives-agroalimentaries-despanya-reafirma-el-compromis-de-les-cooperatives-amb-la-sostenibilitat-economica-i-social-del-medi-rural-amb-un-espai-destacat-per-a-la-fruita-de-pin#primaryimage\"},\"image\":{\"@id\":\"https:\\\/\\\/buenashastaelhueso.es\\\/ca\\\/lassemblea-de-cooperatives-agroalimentaries-despanya-reafirma-el-compromis-de-les-cooperatives-amb-la-sostenibilitat-economica-i-social-del-medi-rural-amb-un-espai-destacat-per-a-la-fruita-de-pin#primaryimage\"},\"thumbnailUrl\":\"https:\\\/\\\/buenashastaelhueso.es\\\/wp-content\\\/uploads\\\/2023\\\/05\\\/Buenas-Hasta-el-Hueso-Asamblea-Coop-Espana-bodegon.png\",\"datePublished\":\"2023-05-18T14:51:23+00:00\",\"description\":\"Cooperatives Agroaliment\u00e0ries d'Espanya i les federacions regionals de M\u00farcia, Arag\u00f3, el Pa\u00eds Valenci\u00e0 i Catalunya llancen una campanya amb l'objectiu de fomentar el consum de la fruita de pinyol\",\"breadcrumb\":{\"@id\":\"https:\\\/\\\/buenashastaelhueso.es\\\/ca\\\/lassemblea-de-cooperatives-agroalimentaries-despanya-reafirma-el-compromis-de-les-cooperatives-amb-la-sostenibilitat-economica-i-social-del-medi-rural-amb-un-espai-destacat-per-a-la-fruita-de-pin#breadcrumb\"},\"inLanguage\":\"ca\",\"potentialAction\":[{\"@type\":\"ReadAction\",\"target\":[\"https:\\\/\\\/buenashastaelhueso.es\\\/ca\\\/lassemblea-de-cooperatives-agroalimentaries-despanya-reafirma-el-compromis-de-les-cooperatives-amb-la-sostenibilitat-economica-i-social-del-medi-rural-amb-un-espai-destacat-per-a-la-fruita-de-pin\"]}]},{\"@type\":\"ImageObject\",\"inLanguage\":\"ca\",\"@id\":\"https:\\\/\\\/buenashastaelhueso.es\\\/ca\\\/lassemblea-de-cooperatives-agroalimentaries-despanya-reafirma-el-compromis-de-les-cooperatives-amb-la-sostenibilitat-economica-i-social-del-medi-rural-amb-un-espai-destacat-per-a-la-fruita-de-pin#primaryimage\",\"url\":\"https:\\\/\\\/buenashastaelhueso.es\\\/wp-content\\\/uploads\\\/2023\\\/05\\\/Buenas-Hasta-el-Hueso-Asamblea-Coop-Espana-bodegon.png\",\"contentUrl\":\"https:\\\/\\\/buenashastaelhueso.es\\\/wp-content\\\/uploads\\\/2023\\\/05\\\/Buenas-Hasta-el-Hueso-Asamblea-Coop-Espana-bodegon.png\",\"width\":1200,\"height\":628},{\"@type\":\"BreadcrumbList\",\"@id\":\"https:\\\/\\\/buenashastaelhueso.es\\\/ca\\\/lassemblea-de-cooperatives-agroalimentaries-despanya-reafirma-el-compromis-de-les-cooperatives-amb-la-sostenibilitat-economica-i-social-del-medi-rural-amb-un-espai-destacat-per-a-la-fruita-de-pin#breadcrumb\",\"itemListElement\":[{\"@type\":\"ListItem\",\"position\":1,\"name\":\"Portada\",\"item\":\"https:\\\/\\\/buenashastaelhueso.es\\\/\"},{\"@type\":\"ListItem\",\"position\":2,\"name\":\"L&#8217;assemblea de Cooperatives Agroaliment\u00e0ries d&#8217;Espanya reafirma el comprom\u00eds de les cooperatives amb la sostenibilitat econ\u00f2mica i social del medi rural, amb un espai destacat per a la fruita de pinyol\"}]},{\"@type\":\"WebSite\",\"@id\":\"https:\\\/\\\/buenashastaelhueso.es\\\/#website\",\"url\":\"https:\\\/\\\/buenashastaelhueso.es\\\/\",\"name\":\"Buenas Hasta el Hueso\",\"description\":\"Melocot\u00f3n, cereza, albaricoque, ciruela, nectarina, paraguayo... Las frutas de hueso son todo sabor, \u00a1y muy sanas! Descubre Buenas Hasta El Hueso\",\"publisher\":{\"@id\":\"https:\\\/\\\/buenashastaelhueso.es\\\/#organization\"},\"potentialAction\":[{\"@type\":\"SearchAction\",\"target\":{\"@type\":\"EntryPoint\",\"urlTemplate\":\"https:\\\/\\\/buenashastaelhueso.es\\\/?s={search_term_string}\"},\"query-input\":{\"@type\":\"PropertyValueSpecification\",\"valueRequired\":true,\"valueName\":\"search_term_string\"}}],\"inLanguage\":\"ca\"},{\"@type\":\"Organization\",\"@id\":\"https:\\\/\\\/buenashastaelhueso.es\\\/#organization\",\"name\":\"Buenas Hasta el Hueso\",\"url\":\"https:\\\/\\\/buenashastaelhueso.es\\\/\",\"logo\":{\"@type\":\"ImageObject\",\"inLanguage\":\"ca\",\"@id\":\"https:\\\/\\\/buenashastaelhueso.es\\\/#\\\/schema\\\/logo\\\/image\\\/\",\"url\":\"https:\\\/\\\/buenashastaelhueso.es\\\/wp-content\\\/uploads\\\/2023\\\/05\\\/LOGO_2_JPEG.jpg\",\"contentUrl\":\"https:\\\/\\\/buenashastaelhueso.es\\\/wp-content\\\/uploads\\\/2023\\\/05\\\/LOGO_2_JPEG.jpg\",\"width\":1080,\"height\":1080,\"caption\":\"Buenas Hasta el Hueso\"},\"image\":{\"@id\":\"https:\\\/\\\/buenashastaelhueso.es\\\/#\\\/schema\\\/logo\\\/image\\\/\"},\"sameAs\":[\"https:\\\/\\\/www.facebook.com\\\/buenashastaelhueso\",\"https:\\\/\\\/x.com\\\/Fruta_de_Hueso\",\"https:\\\/\\\/www.instagram.com\\\/buenashastaelhueso\",\"https:\\\/\\\/www.youtube.com\\\/channel\\\/UCGcztHmqo_HxpsbEO2i-8gw\",\"https:\\\/\\\/www.tiktok.com\\\/@buenashastaelhueso\"]},{\"@type\":\"Person\",\"@id\":\"https:\\\/\\\/buenashastaelhueso.es\\\/#\\\/schema\\\/person\\\/32e7987c8f268985fdbd7d1e95a3e895\",\"name\":\"Adminverabril\",\"image\":{\"@type\":\"ImageObject\",\"inLanguage\":\"ca\",\"@id\":\"https:\\\/\\\/secure.gravatar.com\\\/avatar\\\/d7221e37c27fddd2b3ead0d5cc83af48521b4a8354cb0c62701db9702af43f82?s=96&d=mm&r=g\",\"url\":\"https:\\\/\\\/secure.gravatar.com\\\/avatar\\\/d7221e37c27fddd2b3ead0d5cc83af48521b4a8354cb0c62701db9702af43f82?s=96&d=mm&r=g\",\"contentUrl\":\"https:\\\/\\\/secure.gravatar.com\\\/avatar\\\/d7221e37c27fddd2b3ead0d5cc83af48521b4a8354cb0c62701db9702af43f82?s=96&d=mm&r=g\",\"caption\":\"Adminverabril\"},\"sameAs\":[\"http:\\\/\\\/buenashastaelhueso.es\"],\"url\":\"https:\\\/\\\/buenashastaelhueso.es\\\/ca\\\/author\\\/adminverabril\"}]}<\/script>\n<!-- \/ Yoast SEO plugin. -->","yoast_head_json":{"title":"L'assemblea de Cooperatives Agroaliment\u00e0ries d'Espanya reafirma el comprom\u00eds de les cooperatives amb la sostenibilitat econ\u00f2mica i social del medi rural, amb un espai destacat per a la fruita de pinyol - Buenas hasta el hueso","description":"Cooperatives Agroaliment\u00e0ries d'Espanya i les federacions regionals de M\u00farcia, Arag\u00f3, el Pa\u00eds Valenci\u00e0 i Catalunya llancen una campanya amb l'objectiu de fomentar el consum de la fruita de pinyol","robots":{"index":"index","follow":"follow","max-snippet":"max-snippet:-1","max-image-preview":"max-image-preview:large","max-video-preview":"max-video-preview:-1"},"canonical":"https:\/\/buenashastaelhueso.es\/ca\/lassemblea-de-cooperatives-agroalimentaries-despanya-reafirma-el-compromis-de-les-cooperatives-amb-la-sostenibilitat-economica-i-social-del-medi-rural-amb-un-espai-destacat-per-a-la-fruita-de-pin","og_locale":"ca_ES","og_type":"article","og_title":"L'assemblea de Cooperatives Agroaliment\u00e0ries d'Espanya reafirma el comprom\u00eds de les cooperatives amb la sostenibilitat econ\u00f2mica i social del medi rural, amb un espai destacat per a la fruita de pinyol - Buenas hasta el hueso","og_description":"Cooperatives Agroaliment\u00e0ries d'Espanya i les federacions regionals de M\u00farcia, Arag\u00f3, el Pa\u00eds Valenci\u00e0 i Catalunya llancen una campanya amb l'objectiu de fomentar el consum de la fruita de pinyol","og_url":"https:\/\/buenashastaelhueso.es\/ca\/lassemblea-de-cooperatives-agroalimentaries-despanya-reafirma-el-compromis-de-les-cooperatives-amb-la-sostenibilitat-economica-i-social-del-medi-rural-amb-un-espai-destacat-per-a-la-fruita-de-pin","og_site_name":"Buenas hasta el hueso","article_publisher":"https:\/\/www.facebook.com\/buenashastaelhueso","article_published_time":"2023-05-18T14:51:23+00:00","og_image":[{"width":1200,"height":628,"url":"https:\/\/buenashastaelhueso.es\/wp-content\/uploads\/2023\/05\/Buenas-Hasta-el-Hueso-Asamblea-Coop-Espana-bodegon.png","type":"image\/png"}],"author":"Adminverabril","twitter_card":"summary_large_image","twitter_creator":"@Fruta_de_Hueso","twitter_site":"@Fruta_de_Hueso","twitter_misc":{"Escrit per":"Adminverabril","Temps estimat de lectura":"3 minuts"},"schema":{"@context":"https:\/\/schema.org","@graph":[{"@type":"Article","@id":"https:\/\/buenashastaelhueso.es\/ca\/lassemblea-de-cooperatives-agroalimentaries-despanya-reafirma-el-compromis-de-les-cooperatives-amb-la-sostenibilitat-economica-i-social-del-medi-rural-amb-un-espai-destacat-per-a-la-fruita-de-pin#article","isPartOf":{"@id":"https:\/\/buenashastaelhueso.es\/ca\/lassemblea-de-cooperatives-agroalimentaries-despanya-reafirma-el-compromis-de-les-cooperatives-amb-la-sostenibilitat-economica-i-social-del-medi-rural-amb-un-espai-destacat-per-a-la-fruita-de-pin"},"author":{"name":"Adminverabril","@id":"https:\/\/buenashastaelhueso.es\/#\/schema\/person\/32e7987c8f268985fdbd7d1e95a3e895"},"headline":"L&#8217;assemblea de Cooperatives Agroaliment\u00e0ries d&#8217;Espanya reafirma el comprom\u00eds de les cooperatives amb la sostenibilitat econ\u00f2mica i social del medi rural, amb un espai destacat per a la fruita de pinyol","datePublished":"2023-05-18T14:51:23+00:00","mainEntityOfPage":{"@id":"https:\/\/buenashastaelhueso.es\/ca\/lassemblea-de-cooperatives-agroalimentaries-despanya-reafirma-el-compromis-de-les-cooperatives-amb-la-sostenibilitat-economica-i-social-del-medi-rural-amb-un-espai-destacat-per-a-la-fruita-de-pin"},"wordCount":630,"commentCount":0,"publisher":{"@id":"https:\/\/buenashastaelhueso.es\/#organization"},"image":{"@id":"https:\/\/buenashastaelhueso.es\/ca\/lassemblea-de-cooperatives-agroalimentaries-despanya-reafirma-el-compromis-de-les-cooperatives-amb-la-sostenibilitat-economica-i-social-del-medi-rural-amb-un-espai-destacat-per-a-la-fruita-de-pin#primaryimage"},"thumbnailUrl":"https:\/\/buenashastaelhueso.es\/wp-content\/uploads\/2023\/05\/Buenas-Hasta-el-Hueso-Asamblea-Coop-Espana-bodegon.png","keywords":["albercoc","\u00c0ngel Villafranca","bones fins a l'os","Celler Quatre Ratlles","cirera","Comtes d'Albarei","cooperatives","Cooperatives Agroaliment\u00e0ries d'Espanya","cooperativisme","Escola d'Enginyers Agr\u00f2noms","Grup AN S. Coop","Luis Planas","medi rural","nectarina","paraguai\u00e0","pr\u00e9ssec","pruna","sabor","saludable","salut","Universitat Polit\u00e8cnica de Madrid","Vinya Costeira"],"articleSection":["Not\u00edcies"],"inLanguage":"ca","potentialAction":[{"@type":"CommentAction","name":"Comment","target":["https:\/\/buenashastaelhueso.es\/ca\/lassemblea-de-cooperatives-agroalimentaries-despanya-reafirma-el-compromis-de-les-cooperatives-amb-la-sostenibilitat-economica-i-social-del-medi-rural-amb-un-espai-destacat-per-a-la-fruita-de-pin#respond"]}]},{"@type":"WebPage","@id":"https:\/\/buenashastaelhueso.es\/ca\/lassemblea-de-cooperatives-agroalimentaries-despanya-reafirma-el-compromis-de-les-cooperatives-amb-la-sostenibilitat-economica-i-social-del-medi-rural-amb-un-espai-destacat-per-a-la-fruita-de-pin","url":"https:\/\/buenashastaelhueso.es\/ca\/lassemblea-de-cooperatives-agroalimentaries-despanya-reafirma-el-compromis-de-les-cooperatives-amb-la-sostenibilitat-economica-i-social-del-medi-rural-amb-un-espai-destacat-per-a-la-fruita-de-pin","name":"L'assemblea de Cooperatives Agroaliment\u00e0ries d'Espanya reafirma el comprom\u00eds de les cooperatives amb la sostenibilitat econ\u00f2mica i social del medi rural, amb un espai destacat per a la fruita de pinyol - Buenas hasta el hueso","isPartOf":{"@id":"https:\/\/buenashastaelhueso.es\/#website"},"primaryImageOfPage":{"@id":"https:\/\/buenashastaelhueso.es\/ca\/lassemblea-de-cooperatives-agroalimentaries-despanya-reafirma-el-compromis-de-les-cooperatives-amb-la-sostenibilitat-economica-i-social-del-medi-rural-amb-un-espai-destacat-per-a-la-fruita-de-pin#primaryimage"},"image":{"@id":"https:\/\/buenashastaelhueso.es\/ca\/lassemblea-de-cooperatives-agroalimentaries-despanya-reafirma-el-compromis-de-les-cooperatives-amb-la-sostenibilitat-economica-i-social-del-medi-rural-amb-un-espai-destacat-per-a-la-fruita-de-pin#primaryimage"},"thumbnailUrl":"https:\/\/buenashastaelhueso.es\/wp-content\/uploads\/2023\/05\/Buenas-Hasta-el-Hueso-Asamblea-Coop-Espana-bodegon.png","datePublished":"2023-05-18T14:51:23+00:00","description":"Cooperatives Agroaliment\u00e0ries d'Espanya i les federacions regionals de M\u00farcia, Arag\u00f3, el Pa\u00eds Valenci\u00e0 i Catalunya llancen una campanya amb l'objectiu de fomentar el consum de la fruita de pinyol","breadcrumb":{"@id":"https:\/\/buenashastaelhueso.es\/ca\/lassemblea-de-cooperatives-agroalimentaries-despanya-reafirma-el-compromis-de-les-cooperatives-amb-la-sostenibilitat-economica-i-social-del-medi-rural-amb-un-espai-destacat-per-a-la-fruita-de-pin#breadcrumb"},"inLanguage":"ca","potentialAction":[{"@type":"ReadAction","target":["https:\/\/buenashastaelhueso.es\/ca\/lassemblea-de-cooperatives-agroalimentaries-despanya-reafirma-el-compromis-de-les-cooperatives-amb-la-sostenibilitat-economica-i-social-del-medi-rural-amb-un-espai-destacat-per-a-la-fruita-de-pin"]}]},{"@type":"ImageObject","inLanguage":"ca","@id":"https:\/\/buenashastaelhueso.es\/ca\/lassemblea-de-cooperatives-agroalimentaries-despanya-reafirma-el-compromis-de-les-cooperatives-amb-la-sostenibilitat-economica-i-social-del-medi-rural-amb-un-espai-destacat-per-a-la-fruita-de-pin#primaryimage","url":"https:\/\/buenashastaelhueso.es\/wp-content\/uploads\/2023\/05\/Buenas-Hasta-el-Hueso-Asamblea-Coop-Espana-bodegon.png","contentUrl":"https:\/\/buenashastaelhueso.es\/wp-content\/uploads\/2023\/05\/Buenas-Hasta-el-Hueso-Asamblea-Coop-Espana-bodegon.png","width":1200,"height":628},{"@type":"BreadcrumbList","@id":"https:\/\/buenashastaelhueso.es\/ca\/lassemblea-de-cooperatives-agroalimentaries-despanya-reafirma-el-compromis-de-les-cooperatives-amb-la-sostenibilitat-economica-i-social-del-medi-rural-amb-un-espai-destacat-per-a-la-fruita-de-pin#breadcrumb","itemListElement":[{"@type":"ListItem","position":1,"name":"Portada","item":"https:\/\/buenashastaelhueso.es\/"},{"@type":"ListItem","position":2,"name":"L&#8217;assemblea de Cooperatives Agroaliment\u00e0ries d&#8217;Espanya reafirma el comprom\u00eds de les cooperatives amb la sostenibilitat econ\u00f2mica i social del medi rural, amb un espai destacat per a la fruita de pinyol"}]},{"@type":"WebSite","@id":"https:\/\/buenashastaelhueso.es\/#website","url":"https:\/\/buenashastaelhueso.es\/","name":"Buenas Hasta el Hueso","description":"Melocot\u00f3n, cereza, albaricoque, ciruela, nectarina, paraguayo... Las frutas de hueso son todo sabor, \u00a1y muy sanas! Descubre Buenas Hasta El Hueso","publisher":{"@id":"https:\/\/buenashastaelhueso.es\/#organization"},"potentialAction":[{"@type":"SearchAction","target":{"@type":"EntryPoint","urlTemplate":"https:\/\/buenashastaelhueso.es\/?s={search_term_string}"},"query-input":{"@type":"PropertyValueSpecification","valueRequired":true,"valueName":"search_term_string"}}],"inLanguage":"ca"},{"@type":"Organization","@id":"https:\/\/buenashastaelhueso.es\/#organization","name":"Buenas Hasta el Hueso","url":"https:\/\/buenashastaelhueso.es\/","logo":{"@type":"ImageObject","inLanguage":"ca","@id":"https:\/\/buenashastaelhueso.es\/#\/schema\/logo\/image\/","url":"https:\/\/buenashastaelhueso.es\/wp-content\/uploads\/2023\/05\/LOGO_2_JPEG.jpg","contentUrl":"https:\/\/buenashastaelhueso.es\/wp-content\/uploads\/2023\/05\/LOGO_2_JPEG.jpg","width":1080,"height":1080,"caption":"Buenas Hasta el Hueso"},"image":{"@id":"https:\/\/buenashastaelhueso.es\/#\/schema\/logo\/image\/"},"sameAs":["https:\/\/www.facebook.com\/buenashastaelhueso","https:\/\/x.com\/Fruta_de_Hueso","https:\/\/www.instagram.com\/buenashastaelhueso","https:\/\/www.youtube.com\/channel\/UCGcztHmqo_HxpsbEO2i-8gw","https:\/\/www.tiktok.com\/@buenashastaelhueso"]},{"@type":"Person","@id":"https:\/\/buenashastaelhueso.es\/#\/schema\/person\/32e7987c8f268985fdbd7d1e95a3e895","name":"Adminverabril","image":{"@type":"ImageObject","inLanguage":"ca","@id":"https:\/\/secure.gravatar.com\/avatar\/d7221e37c27fddd2b3ead0d5cc83af48521b4a8354cb0c62701db9702af43f82?s=96&d=mm&r=g","url":"https:\/\/secure.gravatar.com\/avatar\/d7221e37c27fddd2b3ead0d5cc83af48521b4a8354cb0c62701db9702af43f82?s=96&d=mm&r=g","contentUrl":"https:\/\/secure.gravatar.com\/avatar\/d7221e37c27fddd2b3ead0d5cc83af48521b4a8354cb0c62701db9702af43f82?s=96&d=mm&r=g","caption":"Adminverabril"},"sameAs":["http:\/\/buenashastaelhueso.es"],"url":"https:\/\/buenashastaelhueso.es\/ca\/author\/adminverabril"}]}},"_links":{"self":[{"href":"https:\/\/buenashastaelhueso.es\/ca\/wp-json\/wp\/v2\/posts\/2100","targetHints":{"allow":["GET"]}}],"collection":[{"href":"https:\/\/buenashastaelhueso.es\/ca\/wp-json\/wp\/v2\/posts"}],"about":[{"href":"https:\/\/buenashastaelhueso.es\/ca\/wp-json\/wp\/v2\/types\/post"}],"author":[{"embeddable":true,"href":"https:\/\/buenashastaelhueso.es\/ca\/wp-json\/wp\/v2\/users\/1"}],"replies":[{"embeddable":true,"href":"https:\/\/buenashastaelhueso.es\/ca\/wp-json\/wp\/v2\/comments?post=2100"}],"version-history":[{"count":0,"href":"https:\/\/buenashastaelhueso.es\/ca\/wp-json\/wp\/v2\/posts\/2100\/revisions"}],"wp:featuredmedia":[{"embeddable":true,"href":"https:\/\/buenashastaelhueso.es\/ca\/wp-json\/wp\/v2\/media\/1794"}],"wp:attachment":[{"href":"https:\/\/buenashastaelhueso.es\/ca\/wp-json\/wp\/v2\/media?parent=2100"}],"wp:term":[{"taxonomy":"category","embeddable":true,"href":"https:\/\/buenashastaelhueso.es\/ca\/wp-json\/wp\/v2\/categories?post=2100"},{"taxonomy":"post_tag","embeddable":true,"href":"https:\/\/buenashastaelhueso.es\/ca\/wp-json\/wp\/v2\/tags?post=2100"}],"curies":[{"name":"wp","href":"https:\/\/api.w.org\/{rel}","templated":true}]}}