{"id":2098,"date":"2023-07-05T08:54:42","date_gmt":"2023-07-05T08:54:42","guid":{"rendered":"https:\/\/buenashastaelhueso.es\/el-1-de-juliol-celebrem-el-dia-internacional-de-les-cooperatives"},"modified":"2023-07-05T08:54:42","modified_gmt":"2023-07-05T08:54:42","slug":"el-1-de-juliol-celebrem-el-dia-internacional-de-les-cooperatives","status":"publish","type":"post","link":"https:\/\/buenashastaelhueso.es\/ca\/el-1-de-juliol-celebrem-el-dia-internacional-de-les-cooperatives","title":{"rendered":"El 1 de juliol celebrem el Dia Internacional de les Cooperatives"},"content":{"rendered":"\n<p><em>Sota el lema &#8220;Cooperatives pel Desenvolupament Sostenible&#8221;, les m\u00e9s de mil milions de cooperatives del m\u00f3n celebraran aquest any el seu Dia Internacional l&#8217;1 de juliol, efem\u00e8ride que uneix el cooperativisme des de fa un segle.<\/em><\/p>\n\n\n\n<p><em>Coincidint amb aquest dia, s&#8217;organitza una confer\u00e8ncia internacional a Sant Sebasti\u00e0 per debatre sobre la relaci\u00f3 entre el moviment cooperatiu i cadascun dels ODS.<\/em><\/p>\n\n\n\n<p>El dissabte 1 de juliol, el moviment cooperatiu celebra el <strong>Dia Internacional de les Cooperatives 2023<\/strong> . Units pel lema <strong>&#8216;Cooperatives pel Desenvolupament Sostenible&#8217;<\/strong> , amb ell es vol mostrar com la forma cooperativa de treballar, inspirada en els valors i principis cooperatius, on tenen al seu ADN el compliment dels <strong>Objectius de Desenvolupament Sostenible (ODS)<\/strong> .<\/p>\n\n\n\n<p>Aquest any \u00e9s, a m\u00e9s, clau per a l&#8217; <strong>Agenda 2030 de les Nacions Unides<\/strong> . Al setembre l&#8217;ONU organitzar\u00e0 una cimera on es dur\u00e0 a terme una revisi\u00f3 dels seus 17 Objectius de Desenvolupament Sostenible (ODS) i proporcionar\u00e0 una orientaci\u00f3 pol\u00edtica d&#8217;alt nivell sobre accions transformadores per accelerar-ne el compliment. Es tracta, doncs, d&#8217;un moment clau per demostrar la contribuci\u00f3 de les cooperatives a la consecuci\u00f3 dels ODS.<\/p>\n\n\n\n<p><br>El president de l&#8217;Alian\u00e7a Cooperativa Internacional, Ariel Guarco, <strong><a href=\"https:\/\/www.youtube.com\/watch?v=WWmyC0cEEUQ\" target=\"_blank\" rel=\"noreferrer noopener\">anima en aquest v\u00eddeo<\/a><\/strong> totes les cooperatives a mostrar al m\u00f3n la nostra identitat, &#8220;perqu\u00e8 el creixement econ\u00f2mic i la prosperitat poden i han d&#8217;anar de la m\u00e0 del treball decent, de la reducci\u00f3 de les desigualtats i de la pau&#8221;.<\/p>\n\n\n\n<p><strong>Campanya a xarxes socials<\/strong><\/p>\n\n\n\n<p>Com cada any, les cooperatives es poden unir al Dia Internacional de les Cooperatives per mostrar el nostre orgull de pertinen\u00e7a al moviment cooperatiu i celebrar com les cooperatives construeixen un m\u00f3n millor.<\/p>\n\n\n\n<p>El Dia Internacional de les Cooperatives: motors naturals de col\u00b7laboraci\u00f3 i prosperitat per a tothom, impulsant la sostenibilitat econ\u00f2mica, social i mediambiental a les diferents regions d&#8217;Espanya i als seus sectors econ\u00f2mics. El cooperativisme \u00e9s una f\u00f3rmula empresarial que, nom\u00e9s a Espanya, la integren m\u00e9s d&#8217;un mili\u00f3 de persones i crea al medi rural m\u00e9s de 119.000 llocs de treball dignes. Quan mengis qualsevol fruita de pinyol de les nostres cooperatives agroaliment\u00e0ries, recorda&#8217;l: s\u00f3n bones per a tu, s\u00f3n bones per a tots. <strong><a href=\"https:\/\/buenashastaelhueso.es\/conocenos\" target=\"_blank\" rel=\"noreferrer noopener\">S\u00f3n bones fins a l&#8217;os<\/a><\/strong> .<\/p>\n","protected":false},"excerpt":{"rendered":"<p>Sota el lema &#8220;Cooperatives pel Desenvolupament Sostenible&#8221;, les m\u00e9s de mil milions de cooperatives del m\u00f3n celebraran aquest any el seu Dia Internacional l&#8217;1 de juliol, efem\u00e8ride que uneix el cooperativisme des de fa un segle. Coincidint amb aquest dia, s&#8217;organitza una confer\u00e8ncia internacional a Sant Sebasti\u00e0 per debatre sobre la relaci\u00f3 entre el moviment [&hellip;]<\/p>\n","protected":false},"author":1,"featured_media":1782,"comment_status":"open","ping_status":"open","sticky":false,"template":"","format":"standard","meta":{"footnotes":""},"categories":[119],"tags":[167,173,171,100,93,126,175,165,88,169,101,99,102,129,128,127],"class_list":["post-2098","post","type-post","status-publish","format-standard","has-post-thumbnail","hentry","category-noticies","tag-cooperatives-pel-desenvolupament-sostenible","tag-coopsday-ca","tag-agenda-2030-de-les-nacions-unides","tag-albercoc","tag-cirera","tag-cooperatives-agroalimentaries-despanya","tag-coops4sdgs-ca","tag-dia-internacional-de-les-cooperatives-2023","tag-nectarina-ca","tag-objectius-de-desenvolupament-sostenible-ods","tag-paraguaia","tag-pressec","tag-pruna","tag-sabor-ca","tag-saludable-ca","tag-salut"],"yoast_head":"<!-- This site is optimized with the Yoast SEO plugin v27.5 - https:\/\/yoast.com\/product\/yoast-seo-wordpress\/ -->\n<title>El 1 de juliol celebrem el Dia Internacional de les Cooperatives - Buenas hasta el hueso<\/title>\n<meta name=\"description\" content=\"Sota el lema &quot;Cooperatives pel Desenvolupament Sostenible&quot;, les m\u00e9s de mil milions de cooperatives del m\u00f3n celebraran aquest any el seu Dia Internacional l&#039;1 de juliol, efem\u00e8ride que uneix el cooperativisme des de fa un segle.\" \/>\n<meta name=\"robots\" content=\"index, follow, max-snippet:-1, max-image-preview:large, max-video-preview:-1\" \/>\n<link rel=\"canonical\" href=\"https:\/\/buenashastaelhueso.es\/ca\/el-1-de-juliol-celebrem-el-dia-internacional-de-les-cooperatives\" \/>\n<meta property=\"og:locale\" content=\"ca_ES\" \/>\n<meta property=\"og:type\" content=\"article\" \/>\n<meta property=\"og:title\" content=\"El 1 de juliol celebrem el Dia Internacional de les Cooperatives - Buenas hasta el hueso\" \/>\n<meta property=\"og:description\" content=\"Sota el lema &quot;Cooperatives pel Desenvolupament Sostenible&quot;, les m\u00e9s de mil milions de cooperatives del m\u00f3n celebraran aquest any el seu Dia Internacional l&#039;1 de juliol, efem\u00e8ride que uneix el cooperativisme des de fa un segle.\" \/>\n<meta property=\"og:url\" content=\"https:\/\/buenashastaelhueso.es\/ca\/el-1-de-juliol-celebrem-el-dia-internacional-de-les-cooperatives\" \/>\n<meta property=\"og:site_name\" content=\"Buenas hasta el hueso\" \/>\n<meta property=\"article:publisher\" content=\"https:\/\/www.facebook.com\/buenashastaelhueso\" \/>\n<meta property=\"article:published_time\" content=\"2023-07-05T08:54:42+00:00\" \/>\n<meta property=\"og:image\" content=\"https:\/\/buenashastaelhueso.es\/wp-content\/uploads\/2023\/05\/Logo-Espana.png\" \/>\n\t<meta property=\"og:image:width\" content=\"359\" \/>\n\t<meta property=\"og:image:height\" content=\"88\" \/>\n\t<meta property=\"og:image:type\" content=\"image\/png\" \/>\n<meta name=\"author\" content=\"Adminverabril\" \/>\n<meta name=\"twitter:card\" content=\"summary_large_image\" \/>\n<meta name=\"twitter:creator\" content=\"@Fruta_de_Hueso\" \/>\n<meta name=\"twitter:site\" content=\"@Fruta_de_Hueso\" \/>\n<meta name=\"twitter:label1\" content=\"Escrit per\" \/>\n\t<meta name=\"twitter:data1\" content=\"Adminverabril\" \/>\n\t<meta name=\"twitter:label2\" content=\"Temps estimat de lectura\" \/>\n\t<meta name=\"twitter:data2\" content=\"2 minuts\" \/>\n<script type=\"application\/ld+json\" class=\"yoast-schema-graph\">{\"@context\":\"https:\\\/\\\/schema.org\",\"@graph\":[{\"@type\":\"Article\",\"@id\":\"https:\\\/\\\/buenashastaelhueso.es\\\/ca\\\/el-1-de-juliol-celebrem-el-dia-internacional-de-les-cooperatives#article\",\"isPartOf\":{\"@id\":\"https:\\\/\\\/buenashastaelhueso.es\\\/ca\\\/el-1-de-juliol-celebrem-el-dia-internacional-de-les-cooperatives\"},\"author\":{\"name\":\"Adminverabril\",\"@id\":\"https:\\\/\\\/buenashastaelhueso.es\\\/#\\\/schema\\\/person\\\/32e7987c8f268985fdbd7d1e95a3e895\"},\"headline\":\"El 1 de juliol celebrem el Dia Internacional de les Cooperatives\",\"datePublished\":\"2023-07-05T08:54:42+00:00\",\"mainEntityOfPage\":{\"@id\":\"https:\\\/\\\/buenashastaelhueso.es\\\/ca\\\/el-1-de-juliol-celebrem-el-dia-internacional-de-les-cooperatives\"},\"wordCount\":394,\"commentCount\":0,\"publisher\":{\"@id\":\"https:\\\/\\\/buenashastaelhueso.es\\\/#organization\"},\"image\":{\"@id\":\"https:\\\/\\\/buenashastaelhueso.es\\\/ca\\\/el-1-de-juliol-celebrem-el-dia-internacional-de-les-cooperatives#primaryimage\"},\"thumbnailUrl\":\"https:\\\/\\\/buenashastaelhueso.es\\\/wp-content\\\/uploads\\\/2023\\\/05\\\/Logo-Espana.png\",\"keywords\":[\"'Cooperatives pel Desenvolupament Sostenible'\",\"#CoopsDay\",\"Agenda 2030 de les Nacions Unides\",\"albercoc\",\"cirera\",\"Cooperatives Agroaliment\u00e0ries d'Espanya\",\"coops4sdgs\",\"Dia Internacional de les Cooperatives 2023\",\"nectarina\",\"Objectius de Desenvolupament Sostenible (ODS)\",\"paraguai\u00e0\",\"pr\u00e9ssec\",\"pruna\",\"sabor\",\"saludable\",\"salut\"],\"articleSection\":[\"Not\u00edcies\"],\"inLanguage\":\"ca\",\"potentialAction\":[{\"@type\":\"CommentAction\",\"name\":\"Comment\",\"target\":[\"https:\\\/\\\/buenashastaelhueso.es\\\/ca\\\/el-1-de-juliol-celebrem-el-dia-internacional-de-les-cooperatives#respond\"]}]},{\"@type\":\"WebPage\",\"@id\":\"https:\\\/\\\/buenashastaelhueso.es\\\/ca\\\/el-1-de-juliol-celebrem-el-dia-internacional-de-les-cooperatives\",\"url\":\"https:\\\/\\\/buenashastaelhueso.es\\\/ca\\\/el-1-de-juliol-celebrem-el-dia-internacional-de-les-cooperatives\",\"name\":\"El 1 de juliol celebrem el Dia Internacional de les Cooperatives - Buenas hasta el hueso\",\"isPartOf\":{\"@id\":\"https:\\\/\\\/buenashastaelhueso.es\\\/#website\"},\"primaryImageOfPage\":{\"@id\":\"https:\\\/\\\/buenashastaelhueso.es\\\/ca\\\/el-1-de-juliol-celebrem-el-dia-internacional-de-les-cooperatives#primaryimage\"},\"image\":{\"@id\":\"https:\\\/\\\/buenashastaelhueso.es\\\/ca\\\/el-1-de-juliol-celebrem-el-dia-internacional-de-les-cooperatives#primaryimage\"},\"thumbnailUrl\":\"https:\\\/\\\/buenashastaelhueso.es\\\/wp-content\\\/uploads\\\/2023\\\/05\\\/Logo-Espana.png\",\"datePublished\":\"2023-07-05T08:54:42+00:00\",\"description\":\"Sota el lema \\\"Cooperatives pel Desenvolupament Sostenible\\\", les m\u00e9s de mil milions de cooperatives del m\u00f3n celebraran aquest any el seu Dia Internacional l'1 de juliol, efem\u00e8ride que uneix el cooperativisme des de fa un segle.\",\"breadcrumb\":{\"@id\":\"https:\\\/\\\/buenashastaelhueso.es\\\/ca\\\/el-1-de-juliol-celebrem-el-dia-internacional-de-les-cooperatives#breadcrumb\"},\"inLanguage\":\"ca\",\"potentialAction\":[{\"@type\":\"ReadAction\",\"target\":[\"https:\\\/\\\/buenashastaelhueso.es\\\/ca\\\/el-1-de-juliol-celebrem-el-dia-internacional-de-les-cooperatives\"]}]},{\"@type\":\"ImageObject\",\"inLanguage\":\"ca\",\"@id\":\"https:\\\/\\\/buenashastaelhueso.es\\\/ca\\\/el-1-de-juliol-celebrem-el-dia-internacional-de-les-cooperatives#primaryimage\",\"url\":\"https:\\\/\\\/buenashastaelhueso.es\\\/wp-content\\\/uploads\\\/2023\\\/05\\\/Logo-Espana.png\",\"contentUrl\":\"https:\\\/\\\/buenashastaelhueso.es\\\/wp-content\\\/uploads\\\/2023\\\/05\\\/Logo-Espana.png\",\"width\":359,\"height\":88},{\"@type\":\"BreadcrumbList\",\"@id\":\"https:\\\/\\\/buenashastaelhueso.es\\\/ca\\\/el-1-de-juliol-celebrem-el-dia-internacional-de-les-cooperatives#breadcrumb\",\"itemListElement\":[{\"@type\":\"ListItem\",\"position\":1,\"name\":\"Portada\",\"item\":\"https:\\\/\\\/buenashastaelhueso.es\\\/\"},{\"@type\":\"ListItem\",\"position\":2,\"name\":\"El 1 de juliol celebrem el Dia Internacional de les Cooperatives\"}]},{\"@type\":\"WebSite\",\"@id\":\"https:\\\/\\\/buenashastaelhueso.es\\\/#website\",\"url\":\"https:\\\/\\\/buenashastaelhueso.es\\\/\",\"name\":\"Buenas Hasta el Hueso\",\"description\":\"Melocot\u00f3n, cereza, albaricoque, ciruela, nectarina, paraguayo... Las frutas de hueso son todo sabor, \u00a1y muy sanas! Descubre Buenas Hasta El Hueso\",\"publisher\":{\"@id\":\"https:\\\/\\\/buenashastaelhueso.es\\\/#organization\"},\"potentialAction\":[{\"@type\":\"SearchAction\",\"target\":{\"@type\":\"EntryPoint\",\"urlTemplate\":\"https:\\\/\\\/buenashastaelhueso.es\\\/?s={search_term_string}\"},\"query-input\":{\"@type\":\"PropertyValueSpecification\",\"valueRequired\":true,\"valueName\":\"search_term_string\"}}],\"inLanguage\":\"ca\"},{\"@type\":\"Organization\",\"@id\":\"https:\\\/\\\/buenashastaelhueso.es\\\/#organization\",\"name\":\"Buenas Hasta el Hueso\",\"url\":\"https:\\\/\\\/buenashastaelhueso.es\\\/\",\"logo\":{\"@type\":\"ImageObject\",\"inLanguage\":\"ca\",\"@id\":\"https:\\\/\\\/buenashastaelhueso.es\\\/#\\\/schema\\\/logo\\\/image\\\/\",\"url\":\"https:\\\/\\\/buenashastaelhueso.es\\\/wp-content\\\/uploads\\\/2023\\\/05\\\/LOGO_2_JPEG.jpg\",\"contentUrl\":\"https:\\\/\\\/buenashastaelhueso.es\\\/wp-content\\\/uploads\\\/2023\\\/05\\\/LOGO_2_JPEG.jpg\",\"width\":1080,\"height\":1080,\"caption\":\"Buenas Hasta el Hueso\"},\"image\":{\"@id\":\"https:\\\/\\\/buenashastaelhueso.es\\\/#\\\/schema\\\/logo\\\/image\\\/\"},\"sameAs\":[\"https:\\\/\\\/www.facebook.com\\\/buenashastaelhueso\",\"https:\\\/\\\/x.com\\\/Fruta_de_Hueso\",\"https:\\\/\\\/www.instagram.com\\\/buenashastaelhueso\",\"https:\\\/\\\/www.youtube.com\\\/channel\\\/UCGcztHmqo_HxpsbEO2i-8gw\",\"https:\\\/\\\/www.tiktok.com\\\/@buenashastaelhueso\"]},{\"@type\":\"Person\",\"@id\":\"https:\\\/\\\/buenashastaelhueso.es\\\/#\\\/schema\\\/person\\\/32e7987c8f268985fdbd7d1e95a3e895\",\"name\":\"Adminverabril\",\"image\":{\"@type\":\"ImageObject\",\"inLanguage\":\"ca\",\"@id\":\"https:\\\/\\\/secure.gravatar.com\\\/avatar\\\/d7221e37c27fddd2b3ead0d5cc83af48521b4a8354cb0c62701db9702af43f82?s=96&d=mm&r=g\",\"url\":\"https:\\\/\\\/secure.gravatar.com\\\/avatar\\\/d7221e37c27fddd2b3ead0d5cc83af48521b4a8354cb0c62701db9702af43f82?s=96&d=mm&r=g\",\"contentUrl\":\"https:\\\/\\\/secure.gravatar.com\\\/avatar\\\/d7221e37c27fddd2b3ead0d5cc83af48521b4a8354cb0c62701db9702af43f82?s=96&d=mm&r=g\",\"caption\":\"Adminverabril\"},\"sameAs\":[\"http:\\\/\\\/buenashastaelhueso.es\"],\"url\":\"https:\\\/\\\/buenashastaelhueso.es\\\/ca\\\/author\\\/adminverabril\"}]}<\/script>\n<!-- \/ Yoast SEO plugin. -->","yoast_head_json":{"title":"El 1 de juliol celebrem el Dia Internacional de les Cooperatives - Buenas hasta el hueso","description":"Sota el lema \"Cooperatives pel Desenvolupament Sostenible\", les m\u00e9s de mil milions de cooperatives del m\u00f3n celebraran aquest any el seu Dia Internacional l'1 de juliol, efem\u00e8ride que uneix el cooperativisme des de fa un segle.","robots":{"index":"index","follow":"follow","max-snippet":"max-snippet:-1","max-image-preview":"max-image-preview:large","max-video-preview":"max-video-preview:-1"},"canonical":"https:\/\/buenashastaelhueso.es\/ca\/el-1-de-juliol-celebrem-el-dia-internacional-de-les-cooperatives","og_locale":"ca_ES","og_type":"article","og_title":"El 1 de juliol celebrem el Dia Internacional de les Cooperatives - Buenas hasta el hueso","og_description":"Sota el lema \"Cooperatives pel Desenvolupament Sostenible\", les m\u00e9s de mil milions de cooperatives del m\u00f3n celebraran aquest any el seu Dia Internacional l'1 de juliol, efem\u00e8ride que uneix el cooperativisme des de fa un segle.","og_url":"https:\/\/buenashastaelhueso.es\/ca\/el-1-de-juliol-celebrem-el-dia-internacional-de-les-cooperatives","og_site_name":"Buenas hasta el hueso","article_publisher":"https:\/\/www.facebook.com\/buenashastaelhueso","article_published_time":"2023-07-05T08:54:42+00:00","og_image":[{"width":359,"height":88,"url":"https:\/\/buenashastaelhueso.es\/wp-content\/uploads\/2023\/05\/Logo-Espana.png","type":"image\/png"}],"author":"Adminverabril","twitter_card":"summary_large_image","twitter_creator":"@Fruta_de_Hueso","twitter_site":"@Fruta_de_Hueso","twitter_misc":{"Escrit per":"Adminverabril","Temps estimat de lectura":"2 minuts"},"schema":{"@context":"https:\/\/schema.org","@graph":[{"@type":"Article","@id":"https:\/\/buenashastaelhueso.es\/ca\/el-1-de-juliol-celebrem-el-dia-internacional-de-les-cooperatives#article","isPartOf":{"@id":"https:\/\/buenashastaelhueso.es\/ca\/el-1-de-juliol-celebrem-el-dia-internacional-de-les-cooperatives"},"author":{"name":"Adminverabril","@id":"https:\/\/buenashastaelhueso.es\/#\/schema\/person\/32e7987c8f268985fdbd7d1e95a3e895"},"headline":"El 1 de juliol celebrem el Dia Internacional de les Cooperatives","datePublished":"2023-07-05T08:54:42+00:00","mainEntityOfPage":{"@id":"https:\/\/buenashastaelhueso.es\/ca\/el-1-de-juliol-celebrem-el-dia-internacional-de-les-cooperatives"},"wordCount":394,"commentCount":0,"publisher":{"@id":"https:\/\/buenashastaelhueso.es\/#organization"},"image":{"@id":"https:\/\/buenashastaelhueso.es\/ca\/el-1-de-juliol-celebrem-el-dia-internacional-de-les-cooperatives#primaryimage"},"thumbnailUrl":"https:\/\/buenashastaelhueso.es\/wp-content\/uploads\/2023\/05\/Logo-Espana.png","keywords":["'Cooperatives pel Desenvolupament Sostenible'","#CoopsDay","Agenda 2030 de les Nacions Unides","albercoc","cirera","Cooperatives Agroaliment\u00e0ries d'Espanya","coops4sdgs","Dia Internacional de les Cooperatives 2023","nectarina","Objectius de Desenvolupament Sostenible (ODS)","paraguai\u00e0","pr\u00e9ssec","pruna","sabor","saludable","salut"],"articleSection":["Not\u00edcies"],"inLanguage":"ca","potentialAction":[{"@type":"CommentAction","name":"Comment","target":["https:\/\/buenashastaelhueso.es\/ca\/el-1-de-juliol-celebrem-el-dia-internacional-de-les-cooperatives#respond"]}]},{"@type":"WebPage","@id":"https:\/\/buenashastaelhueso.es\/ca\/el-1-de-juliol-celebrem-el-dia-internacional-de-les-cooperatives","url":"https:\/\/buenashastaelhueso.es\/ca\/el-1-de-juliol-celebrem-el-dia-internacional-de-les-cooperatives","name":"El 1 de juliol celebrem el Dia Internacional de les Cooperatives - Buenas hasta el hueso","isPartOf":{"@id":"https:\/\/buenashastaelhueso.es\/#website"},"primaryImageOfPage":{"@id":"https:\/\/buenashastaelhueso.es\/ca\/el-1-de-juliol-celebrem-el-dia-internacional-de-les-cooperatives#primaryimage"},"image":{"@id":"https:\/\/buenashastaelhueso.es\/ca\/el-1-de-juliol-celebrem-el-dia-internacional-de-les-cooperatives#primaryimage"},"thumbnailUrl":"https:\/\/buenashastaelhueso.es\/wp-content\/uploads\/2023\/05\/Logo-Espana.png","datePublished":"2023-07-05T08:54:42+00:00","description":"Sota el lema \"Cooperatives pel Desenvolupament Sostenible\", les m\u00e9s de mil milions de cooperatives del m\u00f3n celebraran aquest any el seu Dia Internacional l'1 de juliol, efem\u00e8ride que uneix el cooperativisme des de fa un segle.","breadcrumb":{"@id":"https:\/\/buenashastaelhueso.es\/ca\/el-1-de-juliol-celebrem-el-dia-internacional-de-les-cooperatives#breadcrumb"},"inLanguage":"ca","potentialAction":[{"@type":"ReadAction","target":["https:\/\/buenashastaelhueso.es\/ca\/el-1-de-juliol-celebrem-el-dia-internacional-de-les-cooperatives"]}]},{"@type":"ImageObject","inLanguage":"ca","@id":"https:\/\/buenashastaelhueso.es\/ca\/el-1-de-juliol-celebrem-el-dia-internacional-de-les-cooperatives#primaryimage","url":"https:\/\/buenashastaelhueso.es\/wp-content\/uploads\/2023\/05\/Logo-Espana.png","contentUrl":"https:\/\/buenashastaelhueso.es\/wp-content\/uploads\/2023\/05\/Logo-Espana.png","width":359,"height":88},{"@type":"BreadcrumbList","@id":"https:\/\/buenashastaelhueso.es\/ca\/el-1-de-juliol-celebrem-el-dia-internacional-de-les-cooperatives#breadcrumb","itemListElement":[{"@type":"ListItem","position":1,"name":"Portada","item":"https:\/\/buenashastaelhueso.es\/"},{"@type":"ListItem","position":2,"name":"El 1 de juliol celebrem el Dia Internacional de les Cooperatives"}]},{"@type":"WebSite","@id":"https:\/\/buenashastaelhueso.es\/#website","url":"https:\/\/buenashastaelhueso.es\/","name":"Buenas Hasta el Hueso","description":"Melocot\u00f3n, cereza, albaricoque, ciruela, nectarina, paraguayo... Las frutas de hueso son todo sabor, \u00a1y muy sanas! Descubre Buenas Hasta El Hueso","publisher":{"@id":"https:\/\/buenashastaelhueso.es\/#organization"},"potentialAction":[{"@type":"SearchAction","target":{"@type":"EntryPoint","urlTemplate":"https:\/\/buenashastaelhueso.es\/?s={search_term_string}"},"query-input":{"@type":"PropertyValueSpecification","valueRequired":true,"valueName":"search_term_string"}}],"inLanguage":"ca"},{"@type":"Organization","@id":"https:\/\/buenashastaelhueso.es\/#organization","name":"Buenas Hasta el Hueso","url":"https:\/\/buenashastaelhueso.es\/","logo":{"@type":"ImageObject","inLanguage":"ca","@id":"https:\/\/buenashastaelhueso.es\/#\/schema\/logo\/image\/","url":"https:\/\/buenashastaelhueso.es\/wp-content\/uploads\/2023\/05\/LOGO_2_JPEG.jpg","contentUrl":"https:\/\/buenashastaelhueso.es\/wp-content\/uploads\/2023\/05\/LOGO_2_JPEG.jpg","width":1080,"height":1080,"caption":"Buenas Hasta el Hueso"},"image":{"@id":"https:\/\/buenashastaelhueso.es\/#\/schema\/logo\/image\/"},"sameAs":["https:\/\/www.facebook.com\/buenashastaelhueso","https:\/\/x.com\/Fruta_de_Hueso","https:\/\/www.instagram.com\/buenashastaelhueso","https:\/\/www.youtube.com\/channel\/UCGcztHmqo_HxpsbEO2i-8gw","https:\/\/www.tiktok.com\/@buenashastaelhueso"]},{"@type":"Person","@id":"https:\/\/buenashastaelhueso.es\/#\/schema\/person\/32e7987c8f268985fdbd7d1e95a3e895","name":"Adminverabril","image":{"@type":"ImageObject","inLanguage":"ca","@id":"https:\/\/secure.gravatar.com\/avatar\/d7221e37c27fddd2b3ead0d5cc83af48521b4a8354cb0c62701db9702af43f82?s=96&d=mm&r=g","url":"https:\/\/secure.gravatar.com\/avatar\/d7221e37c27fddd2b3ead0d5cc83af48521b4a8354cb0c62701db9702af43f82?s=96&d=mm&r=g","contentUrl":"https:\/\/secure.gravatar.com\/avatar\/d7221e37c27fddd2b3ead0d5cc83af48521b4a8354cb0c62701db9702af43f82?s=96&d=mm&r=g","caption":"Adminverabril"},"sameAs":["http:\/\/buenashastaelhueso.es"],"url":"https:\/\/buenashastaelhueso.es\/ca\/author\/adminverabril"}]}},"_links":{"self":[{"href":"https:\/\/buenashastaelhueso.es\/ca\/wp-json\/wp\/v2\/posts\/2098","targetHints":{"allow":["GET"]}}],"collection":[{"href":"https:\/\/buenashastaelhueso.es\/ca\/wp-json\/wp\/v2\/posts"}],"about":[{"href":"https:\/\/buenashastaelhueso.es\/ca\/wp-json\/wp\/v2\/types\/post"}],"author":[{"embeddable":true,"href":"https:\/\/buenashastaelhueso.es\/ca\/wp-json\/wp\/v2\/users\/1"}],"replies":[{"embeddable":true,"href":"https:\/\/buenashastaelhueso.es\/ca\/wp-json\/wp\/v2\/comments?post=2098"}],"version-history":[{"count":0,"href":"https:\/\/buenashastaelhueso.es\/ca\/wp-json\/wp\/v2\/posts\/2098\/revisions"}],"wp:featuredmedia":[{"embeddable":true,"href":"https:\/\/buenashastaelhueso.es\/ca\/wp-json\/wp\/v2\/media\/1782"}],"wp:attachment":[{"href":"https:\/\/buenashastaelhueso.es\/ca\/wp-json\/wp\/v2\/media?parent=2098"}],"wp:term":[{"taxonomy":"category","embeddable":true,"href":"https:\/\/buenashastaelhueso.es\/ca\/wp-json\/wp\/v2\/categories?post=2098"},{"taxonomy":"post_tag","embeddable":true,"href":"https:\/\/buenashastaelhueso.es\/ca\/wp-json\/wp\/v2\/tags?post=2098"}],"curies":[{"name":"wp","href":"https:\/\/api.w.org\/{rel}","templated":true}]}}