{"id":2093,"date":"2023-07-05T09:00:35","date_gmt":"2023-07-05T09:00:35","guid":{"rendered":"https:\/\/buenashastaelhueso.es\/igp-pressec-de-cieza-presenta-la-seva-campanya-2023"},"modified":"2023-07-05T09:00:35","modified_gmt":"2023-07-05T09:00:35","slug":"igp-pressec-de-cieza-presenta-la-seva-campanya-2023","status":"publish","type":"post","link":"https:\/\/buenashastaelhueso.es\/ca\/igp-pressec-de-cieza-presenta-la-seva-campanya-2023","title":{"rendered":"IGP Pr\u00e9ssec de Cieza presenta la seva campanya 2023"},"content":{"rendered":"\n<p><strong>Manuel Ruiz<\/strong> , president de la <strong>Indicaci\u00f3 Geogr\u00e0fica Protegida IGP Pr\u00e9ssec de Cieza<\/strong> , <strong>ha presentat la nova campanya de producci\u00f3 2023<\/strong> , comercialitzaci\u00f3 i promoci\u00f3 d&#8217;aquest <strong><a href=\"https:\/\/buenashastaelhueso.es\/melocoton\" target=\"_blank\" rel=\"noreferrer noopener\">pr\u00e9ssec<\/a><\/strong> . L&#8217;acte de presentaci\u00f3, que ha tingut lloc a la pla\u00e7a del Cardenal Belluga a M\u00farcia, ha comptat amb la pres\u00e8ncia del Sr. Antonio Luengo, Conseller d&#8217;Agricultura de la Regi\u00f3 de M\u00farcia, i del Sr. Tom\u00e1s Rubio, Alcalde de Cieza, entre altres representants de govern i institucions.<\/p>\n\n\n\n<p><br>El president de la IGP ha afirmat que es tracta d\u02bbun gran orgull poder presentar aquesta nova campanya comptant ja amb l\u02bbaprovaci\u00f3 definitiva de la IGP a nivell Internacional. \u00c9s per aix\u00f2 que aquest any han desenvolupat una campanya especial tant de promoci\u00f3 com de comercialitzaci\u00f3 del producte. Els productors <strong>han estrenat una nova web <a href=\"https:\/\/igpmelocotondecieza.org\/\" target=\"_blank\" rel=\"noreferrer noopener\">igpmelocotondecieza.org<\/a><\/strong> i la nova campanya publicit\u00e0ria \u201cTerra, Tradici\u00f3 i Sabor\u201d ja ha arrencat a les xarxes socials oficials de la IGP.<\/p>\n\n\n\n<p><br>Manuel ha declarat que \u201caquest segell de qualitat que ens permet posar en valor el prestigi del nostre pr\u00e9ssec, \u00e9s tant una garantia de qualitat per al consumidor com un gran reconeixement per a tots els productors\u201d. La setmana passada van comen\u00e7ar amb la recol\u00b7lecci\u00f3 dels pr\u00e9ssecs i Romea ha estat la primera varietat a estar a punt. Aquesta es diferenciar\u00e0 en uns vint dies de la recol\u00b7lecci\u00f3 de Baby Gold 6.<\/p>\n\n\n\n<p><\/p>\n","protected":false},"excerpt":{"rendered":"<p>Manuel Ruiz , president de la Indicaci\u00f3 Geogr\u00e0fica Protegida IGP Pr\u00e9ssec de Cieza , ha presentat la nova campanya de producci\u00f3 2023 , comercialitzaci\u00f3 i promoci\u00f3 d&#8217;aquest pr\u00e9ssec . L&#8217;acte de presentaci\u00f3, que ha tingut lloc a la pla\u00e7a del Cardenal Belluga a M\u00farcia, ha comptat amb la pres\u00e8ncia del Sr. Antonio Luengo, Conseller d&#8217;Agricultura [&hellip;]<\/p>\n","protected":false},"author":1,"featured_media":1854,"comment_status":"open","ping_status":"open","sticky":false,"template":"","format":"standard","meta":{"footnotes":""},"categories":[119],"tags":[154,153],"class_list":["post-2093","post","type-post","status-publish","format-standard","has-post-thumbnail","hentry","category-noticies","tag-igp-ca","tag-indicacio-geografica-protegida-pressec-de-cieza"],"yoast_head":"<!-- This site is optimized with the Yoast SEO plugin v27.5 - https:\/\/yoast.com\/product\/yoast-seo-wordpress\/ -->\n<title>IGP Pr\u00e9ssec de Cieza presenta la seva campanya 2023 - Buenas hasta el hueso<\/title>\n<meta name=\"description\" content=\"Presentaci\u00f3 de la campanya de producci\u00f3, comercialitzaci\u00f3 i promoci\u00f3 2023 de la Indicaci\u00f3 Geogr\u00e0fica Protegida IGP Pr\u00e9ssec de Cieza\" \/>\n<meta name=\"robots\" content=\"index, follow, max-snippet:-1, max-image-preview:large, max-video-preview:-1\" \/>\n<link rel=\"canonical\" href=\"https:\/\/buenashastaelhueso.es\/ca\/igp-pressec-de-cieza-presenta-la-seva-campanya-2023\" \/>\n<meta property=\"og:locale\" content=\"ca_ES\" \/>\n<meta property=\"og:type\" content=\"article\" \/>\n<meta property=\"og:title\" content=\"IGP Pr\u00e9ssec de Cieza presenta la seva campanya 2023 - Buenas hasta el hueso\" \/>\n<meta property=\"og:description\" content=\"Presentaci\u00f3 de la campanya de producci\u00f3, comercialitzaci\u00f3 i promoci\u00f3 2023 de la Indicaci\u00f3 Geogr\u00e0fica Protegida IGP Pr\u00e9ssec de Cieza\" \/>\n<meta property=\"og:url\" content=\"https:\/\/buenashastaelhueso.es\/ca\/igp-pressec-de-cieza-presenta-la-seva-campanya-2023\" \/>\n<meta property=\"og:site_name\" content=\"Buenas hasta el hueso\" \/>\n<meta property=\"article:publisher\" content=\"https:\/\/www.facebook.com\/buenashastaelhueso\" \/>\n<meta property=\"article:published_time\" content=\"2023-07-05T09:00:35+00:00\" \/>\n<meta property=\"og:image\" content=\"https:\/\/buenashastaelhueso.es\/wp-content\/uploads\/2023\/07\/DSC03732-1024x683-1.jpg\" \/>\n\t<meta property=\"og:image:width\" content=\"1024\" \/>\n\t<meta property=\"og:image:height\" content=\"683\" \/>\n\t<meta property=\"og:image:type\" content=\"image\/jpeg\" \/>\n<meta name=\"author\" content=\"Adminverabril\" \/>\n<meta name=\"twitter:card\" content=\"summary_large_image\" \/>\n<meta name=\"twitter:creator\" content=\"@Fruta_de_Hueso\" \/>\n<meta name=\"twitter:site\" content=\"@Fruta_de_Hueso\" \/>\n<meta name=\"twitter:label1\" content=\"Escrit per\" \/>\n\t<meta name=\"twitter:data1\" content=\"Adminverabril\" \/>\n\t<meta name=\"twitter:label2\" content=\"Temps estimat de lectura\" \/>\n\t<meta name=\"twitter:data2\" content=\"1 minut\" \/>\n<script type=\"application\/ld+json\" class=\"yoast-schema-graph\">{\"@context\":\"https:\\\/\\\/schema.org\",\"@graph\":[{\"@type\":\"Article\",\"@id\":\"https:\\\/\\\/buenashastaelhueso.es\\\/ca\\\/igp-pressec-de-cieza-presenta-la-seva-campanya-2023#article\",\"isPartOf\":{\"@id\":\"https:\\\/\\\/buenashastaelhueso.es\\\/ca\\\/igp-pressec-de-cieza-presenta-la-seva-campanya-2023\"},\"author\":{\"name\":\"Adminverabril\",\"@id\":\"https:\\\/\\\/buenashastaelhueso.es\\\/#\\\/schema\\\/person\\\/32e7987c8f268985fdbd7d1e95a3e895\"},\"headline\":\"IGP Pr\u00e9ssec de Cieza presenta la seva campanya 2023\",\"datePublished\":\"2023-07-05T09:00:35+00:00\",\"mainEntityOfPage\":{\"@id\":\"https:\\\/\\\/buenashastaelhueso.es\\\/ca\\\/igp-pressec-de-cieza-presenta-la-seva-campanya-2023\"},\"wordCount\":246,\"commentCount\":0,\"publisher\":{\"@id\":\"https:\\\/\\\/buenashastaelhueso.es\\\/#organization\"},\"image\":{\"@id\":\"https:\\\/\\\/buenashastaelhueso.es\\\/ca\\\/igp-pressec-de-cieza-presenta-la-seva-campanya-2023#primaryimage\"},\"thumbnailUrl\":\"https:\\\/\\\/buenashastaelhueso.es\\\/wp-content\\\/uploads\\\/2023\\\/07\\\/DSC03732-1024x683-1.jpg\",\"keywords\":[\"IGP\",\"Indicaci\u00f3 Geogr\u00e0fica Protegida Pr\u00e9ssec de Cieza\"],\"articleSection\":[\"Not\u00edcies\"],\"inLanguage\":\"ca\",\"potentialAction\":[{\"@type\":\"CommentAction\",\"name\":\"Comment\",\"target\":[\"https:\\\/\\\/buenashastaelhueso.es\\\/ca\\\/igp-pressec-de-cieza-presenta-la-seva-campanya-2023#respond\"]}]},{\"@type\":\"WebPage\",\"@id\":\"https:\\\/\\\/buenashastaelhueso.es\\\/ca\\\/igp-pressec-de-cieza-presenta-la-seva-campanya-2023\",\"url\":\"https:\\\/\\\/buenashastaelhueso.es\\\/ca\\\/igp-pressec-de-cieza-presenta-la-seva-campanya-2023\",\"name\":\"IGP Pr\u00e9ssec de Cieza presenta la seva campanya 2023 - Buenas hasta el hueso\",\"isPartOf\":{\"@id\":\"https:\\\/\\\/buenashastaelhueso.es\\\/#website\"},\"primaryImageOfPage\":{\"@id\":\"https:\\\/\\\/buenashastaelhueso.es\\\/ca\\\/igp-pressec-de-cieza-presenta-la-seva-campanya-2023#primaryimage\"},\"image\":{\"@id\":\"https:\\\/\\\/buenashastaelhueso.es\\\/ca\\\/igp-pressec-de-cieza-presenta-la-seva-campanya-2023#primaryimage\"},\"thumbnailUrl\":\"https:\\\/\\\/buenashastaelhueso.es\\\/wp-content\\\/uploads\\\/2023\\\/07\\\/DSC03732-1024x683-1.jpg\",\"datePublished\":\"2023-07-05T09:00:35+00:00\",\"description\":\"Presentaci\u00f3 de la campanya de producci\u00f3, comercialitzaci\u00f3 i promoci\u00f3 2023 de la Indicaci\u00f3 Geogr\u00e0fica Protegida IGP Pr\u00e9ssec de Cieza\",\"breadcrumb\":{\"@id\":\"https:\\\/\\\/buenashastaelhueso.es\\\/ca\\\/igp-pressec-de-cieza-presenta-la-seva-campanya-2023#breadcrumb\"},\"inLanguage\":\"ca\",\"potentialAction\":[{\"@type\":\"ReadAction\",\"target\":[\"https:\\\/\\\/buenashastaelhueso.es\\\/ca\\\/igp-pressec-de-cieza-presenta-la-seva-campanya-2023\"]}]},{\"@type\":\"ImageObject\",\"inLanguage\":\"ca\",\"@id\":\"https:\\\/\\\/buenashastaelhueso.es\\\/ca\\\/igp-pressec-de-cieza-presenta-la-seva-campanya-2023#primaryimage\",\"url\":\"https:\\\/\\\/buenashastaelhueso.es\\\/wp-content\\\/uploads\\\/2023\\\/07\\\/DSC03732-1024x683-1.jpg\",\"contentUrl\":\"https:\\\/\\\/buenashastaelhueso.es\\\/wp-content\\\/uploads\\\/2023\\\/07\\\/DSC03732-1024x683-1.jpg\",\"width\":1024,\"height\":683},{\"@type\":\"BreadcrumbList\",\"@id\":\"https:\\\/\\\/buenashastaelhueso.es\\\/ca\\\/igp-pressec-de-cieza-presenta-la-seva-campanya-2023#breadcrumb\",\"itemListElement\":[{\"@type\":\"ListItem\",\"position\":1,\"name\":\"Portada\",\"item\":\"https:\\\/\\\/buenashastaelhueso.es\\\/\"},{\"@type\":\"ListItem\",\"position\":2,\"name\":\"IGP Pr\u00e9ssec de Cieza presenta la seva campanya 2023\"}]},{\"@type\":\"WebSite\",\"@id\":\"https:\\\/\\\/buenashastaelhueso.es\\\/#website\",\"url\":\"https:\\\/\\\/buenashastaelhueso.es\\\/\",\"name\":\"Buenas Hasta el Hueso\",\"description\":\"Melocot\u00f3n, cereza, albaricoque, ciruela, nectarina, paraguayo... Las frutas de hueso son todo sabor, \u00a1y muy sanas! Descubre Buenas Hasta El Hueso\",\"publisher\":{\"@id\":\"https:\\\/\\\/buenashastaelhueso.es\\\/#organization\"},\"potentialAction\":[{\"@type\":\"SearchAction\",\"target\":{\"@type\":\"EntryPoint\",\"urlTemplate\":\"https:\\\/\\\/buenashastaelhueso.es\\\/?s={search_term_string}\"},\"query-input\":{\"@type\":\"PropertyValueSpecification\",\"valueRequired\":true,\"valueName\":\"search_term_string\"}}],\"inLanguage\":\"ca\"},{\"@type\":\"Organization\",\"@id\":\"https:\\\/\\\/buenashastaelhueso.es\\\/#organization\",\"name\":\"Buenas Hasta el Hueso\",\"url\":\"https:\\\/\\\/buenashastaelhueso.es\\\/\",\"logo\":{\"@type\":\"ImageObject\",\"inLanguage\":\"ca\",\"@id\":\"https:\\\/\\\/buenashastaelhueso.es\\\/#\\\/schema\\\/logo\\\/image\\\/\",\"url\":\"https:\\\/\\\/buenashastaelhueso.es\\\/wp-content\\\/uploads\\\/2023\\\/05\\\/LOGO_2_JPEG.jpg\",\"contentUrl\":\"https:\\\/\\\/buenashastaelhueso.es\\\/wp-content\\\/uploads\\\/2023\\\/05\\\/LOGO_2_JPEG.jpg\",\"width\":1080,\"height\":1080,\"caption\":\"Buenas Hasta el Hueso\"},\"image\":{\"@id\":\"https:\\\/\\\/buenashastaelhueso.es\\\/#\\\/schema\\\/logo\\\/image\\\/\"},\"sameAs\":[\"https:\\\/\\\/www.facebook.com\\\/buenashastaelhueso\",\"https:\\\/\\\/x.com\\\/Fruta_de_Hueso\",\"https:\\\/\\\/www.instagram.com\\\/buenashastaelhueso\",\"https:\\\/\\\/www.youtube.com\\\/channel\\\/UCGcztHmqo_HxpsbEO2i-8gw\",\"https:\\\/\\\/www.tiktok.com\\\/@buenashastaelhueso\"]},{\"@type\":\"Person\",\"@id\":\"https:\\\/\\\/buenashastaelhueso.es\\\/#\\\/schema\\\/person\\\/32e7987c8f268985fdbd7d1e95a3e895\",\"name\":\"Adminverabril\",\"image\":{\"@type\":\"ImageObject\",\"inLanguage\":\"ca\",\"@id\":\"https:\\\/\\\/secure.gravatar.com\\\/avatar\\\/d7221e37c27fddd2b3ead0d5cc83af48521b4a8354cb0c62701db9702af43f82?s=96&d=mm&r=g\",\"url\":\"https:\\\/\\\/secure.gravatar.com\\\/avatar\\\/d7221e37c27fddd2b3ead0d5cc83af48521b4a8354cb0c62701db9702af43f82?s=96&d=mm&r=g\",\"contentUrl\":\"https:\\\/\\\/secure.gravatar.com\\\/avatar\\\/d7221e37c27fddd2b3ead0d5cc83af48521b4a8354cb0c62701db9702af43f82?s=96&d=mm&r=g\",\"caption\":\"Adminverabril\"},\"sameAs\":[\"http:\\\/\\\/buenashastaelhueso.es\"],\"url\":\"https:\\\/\\\/buenashastaelhueso.es\\\/ca\\\/author\\\/adminverabril\"}]}<\/script>\n<!-- \/ Yoast SEO plugin. -->","yoast_head_json":{"title":"IGP Pr\u00e9ssec de Cieza presenta la seva campanya 2023 - Buenas hasta el hueso","description":"Presentaci\u00f3 de la campanya de producci\u00f3, comercialitzaci\u00f3 i promoci\u00f3 2023 de la Indicaci\u00f3 Geogr\u00e0fica Protegida IGP Pr\u00e9ssec de Cieza","robots":{"index":"index","follow":"follow","max-snippet":"max-snippet:-1","max-image-preview":"max-image-preview:large","max-video-preview":"max-video-preview:-1"},"canonical":"https:\/\/buenashastaelhueso.es\/ca\/igp-pressec-de-cieza-presenta-la-seva-campanya-2023","og_locale":"ca_ES","og_type":"article","og_title":"IGP Pr\u00e9ssec de Cieza presenta la seva campanya 2023 - Buenas hasta el hueso","og_description":"Presentaci\u00f3 de la campanya de producci\u00f3, comercialitzaci\u00f3 i promoci\u00f3 2023 de la Indicaci\u00f3 Geogr\u00e0fica Protegida IGP Pr\u00e9ssec de Cieza","og_url":"https:\/\/buenashastaelhueso.es\/ca\/igp-pressec-de-cieza-presenta-la-seva-campanya-2023","og_site_name":"Buenas hasta el hueso","article_publisher":"https:\/\/www.facebook.com\/buenashastaelhueso","article_published_time":"2023-07-05T09:00:35+00:00","og_image":[{"width":1024,"height":683,"url":"https:\/\/buenashastaelhueso.es\/wp-content\/uploads\/2023\/07\/DSC03732-1024x683-1.jpg","type":"image\/jpeg"}],"author":"Adminverabril","twitter_card":"summary_large_image","twitter_creator":"@Fruta_de_Hueso","twitter_site":"@Fruta_de_Hueso","twitter_misc":{"Escrit per":"Adminverabril","Temps estimat de lectura":"1 minut"},"schema":{"@context":"https:\/\/schema.org","@graph":[{"@type":"Article","@id":"https:\/\/buenashastaelhueso.es\/ca\/igp-pressec-de-cieza-presenta-la-seva-campanya-2023#article","isPartOf":{"@id":"https:\/\/buenashastaelhueso.es\/ca\/igp-pressec-de-cieza-presenta-la-seva-campanya-2023"},"author":{"name":"Adminverabril","@id":"https:\/\/buenashastaelhueso.es\/#\/schema\/person\/32e7987c8f268985fdbd7d1e95a3e895"},"headline":"IGP Pr\u00e9ssec de Cieza presenta la seva campanya 2023","datePublished":"2023-07-05T09:00:35+00:00","mainEntityOfPage":{"@id":"https:\/\/buenashastaelhueso.es\/ca\/igp-pressec-de-cieza-presenta-la-seva-campanya-2023"},"wordCount":246,"commentCount":0,"publisher":{"@id":"https:\/\/buenashastaelhueso.es\/#organization"},"image":{"@id":"https:\/\/buenashastaelhueso.es\/ca\/igp-pressec-de-cieza-presenta-la-seva-campanya-2023#primaryimage"},"thumbnailUrl":"https:\/\/buenashastaelhueso.es\/wp-content\/uploads\/2023\/07\/DSC03732-1024x683-1.jpg","keywords":["IGP","Indicaci\u00f3 Geogr\u00e0fica Protegida Pr\u00e9ssec de Cieza"],"articleSection":["Not\u00edcies"],"inLanguage":"ca","potentialAction":[{"@type":"CommentAction","name":"Comment","target":["https:\/\/buenashastaelhueso.es\/ca\/igp-pressec-de-cieza-presenta-la-seva-campanya-2023#respond"]}]},{"@type":"WebPage","@id":"https:\/\/buenashastaelhueso.es\/ca\/igp-pressec-de-cieza-presenta-la-seva-campanya-2023","url":"https:\/\/buenashastaelhueso.es\/ca\/igp-pressec-de-cieza-presenta-la-seva-campanya-2023","name":"IGP Pr\u00e9ssec de Cieza presenta la seva campanya 2023 - Buenas hasta el hueso","isPartOf":{"@id":"https:\/\/buenashastaelhueso.es\/#website"},"primaryImageOfPage":{"@id":"https:\/\/buenashastaelhueso.es\/ca\/igp-pressec-de-cieza-presenta-la-seva-campanya-2023#primaryimage"},"image":{"@id":"https:\/\/buenashastaelhueso.es\/ca\/igp-pressec-de-cieza-presenta-la-seva-campanya-2023#primaryimage"},"thumbnailUrl":"https:\/\/buenashastaelhueso.es\/wp-content\/uploads\/2023\/07\/DSC03732-1024x683-1.jpg","datePublished":"2023-07-05T09:00:35+00:00","description":"Presentaci\u00f3 de la campanya de producci\u00f3, comercialitzaci\u00f3 i promoci\u00f3 2023 de la Indicaci\u00f3 Geogr\u00e0fica Protegida IGP Pr\u00e9ssec de Cieza","breadcrumb":{"@id":"https:\/\/buenashastaelhueso.es\/ca\/igp-pressec-de-cieza-presenta-la-seva-campanya-2023#breadcrumb"},"inLanguage":"ca","potentialAction":[{"@type":"ReadAction","target":["https:\/\/buenashastaelhueso.es\/ca\/igp-pressec-de-cieza-presenta-la-seva-campanya-2023"]}]},{"@type":"ImageObject","inLanguage":"ca","@id":"https:\/\/buenashastaelhueso.es\/ca\/igp-pressec-de-cieza-presenta-la-seva-campanya-2023#primaryimage","url":"https:\/\/buenashastaelhueso.es\/wp-content\/uploads\/2023\/07\/DSC03732-1024x683-1.jpg","contentUrl":"https:\/\/buenashastaelhueso.es\/wp-content\/uploads\/2023\/07\/DSC03732-1024x683-1.jpg","width":1024,"height":683},{"@type":"BreadcrumbList","@id":"https:\/\/buenashastaelhueso.es\/ca\/igp-pressec-de-cieza-presenta-la-seva-campanya-2023#breadcrumb","itemListElement":[{"@type":"ListItem","position":1,"name":"Portada","item":"https:\/\/buenashastaelhueso.es\/"},{"@type":"ListItem","position":2,"name":"IGP Pr\u00e9ssec de Cieza presenta la seva campanya 2023"}]},{"@type":"WebSite","@id":"https:\/\/buenashastaelhueso.es\/#website","url":"https:\/\/buenashastaelhueso.es\/","name":"Buenas Hasta el Hueso","description":"Melocot\u00f3n, cereza, albaricoque, ciruela, nectarina, paraguayo... Las frutas de hueso son todo sabor, \u00a1y muy sanas! Descubre Buenas Hasta El Hueso","publisher":{"@id":"https:\/\/buenashastaelhueso.es\/#organization"},"potentialAction":[{"@type":"SearchAction","target":{"@type":"EntryPoint","urlTemplate":"https:\/\/buenashastaelhueso.es\/?s={search_term_string}"},"query-input":{"@type":"PropertyValueSpecification","valueRequired":true,"valueName":"search_term_string"}}],"inLanguage":"ca"},{"@type":"Organization","@id":"https:\/\/buenashastaelhueso.es\/#organization","name":"Buenas Hasta el Hueso","url":"https:\/\/buenashastaelhueso.es\/","logo":{"@type":"ImageObject","inLanguage":"ca","@id":"https:\/\/buenashastaelhueso.es\/#\/schema\/logo\/image\/","url":"https:\/\/buenashastaelhueso.es\/wp-content\/uploads\/2023\/05\/LOGO_2_JPEG.jpg","contentUrl":"https:\/\/buenashastaelhueso.es\/wp-content\/uploads\/2023\/05\/LOGO_2_JPEG.jpg","width":1080,"height":1080,"caption":"Buenas Hasta el Hueso"},"image":{"@id":"https:\/\/buenashastaelhueso.es\/#\/schema\/logo\/image\/"},"sameAs":["https:\/\/www.facebook.com\/buenashastaelhueso","https:\/\/x.com\/Fruta_de_Hueso","https:\/\/www.instagram.com\/buenashastaelhueso","https:\/\/www.youtube.com\/channel\/UCGcztHmqo_HxpsbEO2i-8gw","https:\/\/www.tiktok.com\/@buenashastaelhueso"]},{"@type":"Person","@id":"https:\/\/buenashastaelhueso.es\/#\/schema\/person\/32e7987c8f268985fdbd7d1e95a3e895","name":"Adminverabril","image":{"@type":"ImageObject","inLanguage":"ca","@id":"https:\/\/secure.gravatar.com\/avatar\/d7221e37c27fddd2b3ead0d5cc83af48521b4a8354cb0c62701db9702af43f82?s=96&d=mm&r=g","url":"https:\/\/secure.gravatar.com\/avatar\/d7221e37c27fddd2b3ead0d5cc83af48521b4a8354cb0c62701db9702af43f82?s=96&d=mm&r=g","contentUrl":"https:\/\/secure.gravatar.com\/avatar\/d7221e37c27fddd2b3ead0d5cc83af48521b4a8354cb0c62701db9702af43f82?s=96&d=mm&r=g","caption":"Adminverabril"},"sameAs":["http:\/\/buenashastaelhueso.es"],"url":"https:\/\/buenashastaelhueso.es\/ca\/author\/adminverabril"}]}},"_links":{"self":[{"href":"https:\/\/buenashastaelhueso.es\/ca\/wp-json\/wp\/v2\/posts\/2093","targetHints":{"allow":["GET"]}}],"collection":[{"href":"https:\/\/buenashastaelhueso.es\/ca\/wp-json\/wp\/v2\/posts"}],"about":[{"href":"https:\/\/buenashastaelhueso.es\/ca\/wp-json\/wp\/v2\/types\/post"}],"author":[{"embeddable":true,"href":"https:\/\/buenashastaelhueso.es\/ca\/wp-json\/wp\/v2\/users\/1"}],"replies":[{"embeddable":true,"href":"https:\/\/buenashastaelhueso.es\/ca\/wp-json\/wp\/v2\/comments?post=2093"}],"version-history":[{"count":0,"href":"https:\/\/buenashastaelhueso.es\/ca\/wp-json\/wp\/v2\/posts\/2093\/revisions"}],"wp:featuredmedia":[{"embeddable":true,"href":"https:\/\/buenashastaelhueso.es\/ca\/wp-json\/wp\/v2\/media\/1854"}],"wp:attachment":[{"href":"https:\/\/buenashastaelhueso.es\/ca\/wp-json\/wp\/v2\/media?parent=2093"}],"wp:term":[{"taxonomy":"category","embeddable":true,"href":"https:\/\/buenashastaelhueso.es\/ca\/wp-json\/wp\/v2\/categories?post=2093"},{"taxonomy":"post_tag","embeddable":true,"href":"https:\/\/buenashastaelhueso.es\/ca\/wp-json\/wp\/v2\/tags?post=2093"}],"curies":[{"name":"wp","href":"https:\/\/api.w.org\/{rel}","templated":true}]}}