{"id":2092,"date":"2023-06-02T05:02:07","date_gmt":"2023-06-02T05:02:07","guid":{"rendered":"https:\/\/buenashastaelhueso.es\/el-cardioleg-murcia-i-influencer-dr-abellan-presumeix-dos"},"modified":"2023-06-02T05:02:07","modified_gmt":"2023-06-02T05:02:07","slug":"el-cardioleg-murcia-i-influencer-dr-abellan-presumeix-dos","status":"publish","type":"post","link":"https:\/\/buenashastaelhueso.es\/ca\/el-cardioleg-murcia-i-influencer-dr-abellan-presumeix-dos","title":{"rendered":"El cardi\u00f2leg murci\u00e0 i influencer Dr. Abell\u00e1n presumeix d&#8221;os&#8217;"},"content":{"rendered":"\n<p><em>Jos\u00e9 Abell\u00e1n, cardi\u00f2leg de l&#8217;Hospital Santa Ll\u00facia de Cartagena (Regi\u00f3 de M\u00farcia), col\u00b7labora amb la campanya impulsada per les organitzacions de les cooperatives agroaliment\u00e0ries<\/em><\/p>\n\n\n\n<p><strong>Jos\u00e9 Abell\u00e1n<\/strong> , <strong>cardi\u00f2leg de l&#8217;Hospital Santa Ll\u00facia de Cartagena<\/strong> a la Regi\u00f3 de M\u00farcia col\u00b7labora amb la campanya impulsada per les organitzacions de les cooperatives agroaliment\u00e0ries per animar el consum de <strong><a href=\"https:\/\/buenashastaelhueso.es\/\">fruita de pinyol de temporada<\/a><\/strong> , a trav\u00e9s de diferents hist\u00f2ries i v\u00eddeos curts a Instagram i TikTok . Aix\u00ed, el Dr. Abell\u00e1n, com se&#8217;l coneix en xarxes socials ( <strong><a href=\"https:\/\/www.instagram.com\/doctorabellan\/\" target=\"_blank\" rel=\"noreferrer noopener\">@doctorabellan<\/a><\/strong> ), ressalta no nom\u00e9s els beneficis que presenta el consum d&#8217;aquests productes de comer\u00e7 local per a la cura i manteniment de la salut, sin\u00f3 tamb\u00e9 el seu inconfusible sabor i qualitat .<\/p>\n\n\n\n<p><strong>Font: <a href=\"https:\/\/www.laverdad.es\/economia-region-murcia\/cardiologo-murciano-influencer-abellan-presume-hueso-20230531005456-nt.html?dicbo=v2-ka7s149\" target=\"_blank\" rel=\"noreferrer noopener\">Diari La Veritat de M\u00farcia<\/a><\/strong><\/p>\n","protected":false},"excerpt":{"rendered":"<p>Jos\u00e9 Abell\u00e1n, cardi\u00f2leg de l&#8217;Hospital Santa Ll\u00facia de Cartagena (Regi\u00f3 de M\u00farcia), col\u00b7labora amb la campanya impulsada per les organitzacions de les cooperatives agroaliment\u00e0ries Jos\u00e9 Abell\u00e1n , cardi\u00f2leg de l&#8217;Hospital Santa Ll\u00facia de Cartagena a la Regi\u00f3 de M\u00farcia col\u00b7labora amb la campanya impulsada per les organitzacions de les cooperatives agroaliment\u00e0ries per animar el consum [&hellip;]<\/p>\n","protected":false},"author":1,"featured_media":1850,"comment_status":"open","ping_status":"open","sticky":false,"template":"","format":"standard","meta":{"footnotes":""},"categories":[119],"tags":[100,151,93,126,152,150,88,101,99,102,129,128,127],"class_list":["post-2092","post","type-post","status-publish","format-standard","has-post-thumbnail","hentry","category-noticies","tag-albercoc","tag-cardioleg","tag-cirera","tag-cooperatives-agroalimentaries-despanya","tag-hospital-santa-llucia-de-cartagena","tag-jose-abellan-ca","tag-nectarina-ca","tag-paraguaia","tag-pressec","tag-pruna","tag-sabor-ca","tag-saludable-ca","tag-salut"],"yoast_head":"<!-- This site is optimized with the Yoast SEO plugin v27.5 - https:\/\/yoast.com\/product\/yoast-seo-wordpress\/ -->\n<title>El cardi\u00f2leg murci\u00e0 i influencer Dr. Abell\u00e1n presumeix d&#039;&#039;os&#039; - Buenas hasta el hueso<\/title>\n<meta name=\"description\" content=\"Jos\u00e9 Abell\u00e1n, cardi\u00f2leg de l&#039;Hospital Santa Luc\u00eda de Cartagena, col\u00b7labora amb la campanya impulsada per les cooperatives agroaliment\u00e0ries\" \/>\n<meta name=\"robots\" content=\"index, follow, max-snippet:-1, max-image-preview:large, max-video-preview:-1\" \/>\n<link rel=\"canonical\" href=\"https:\/\/buenashastaelhueso.es\/ca\/el-cardioleg-murcia-i-influencer-dr-abellan-presumeix-dos\" \/>\n<meta property=\"og:locale\" content=\"ca_ES\" \/>\n<meta property=\"og:type\" content=\"article\" \/>\n<meta property=\"og:title\" content=\"El cardi\u00f2leg murci\u00e0 i influencer Dr. Abell\u00e1n presumeix d&#039;&#039;os&#039; - Buenas hasta el hueso\" \/>\n<meta property=\"og:description\" content=\"Jos\u00e9 Abell\u00e1n, cardi\u00f2leg de l&#039;Hospital Santa Luc\u00eda de Cartagena, col\u00b7labora amb la campanya impulsada per les cooperatives agroaliment\u00e0ries\" \/>\n<meta property=\"og:url\" content=\"https:\/\/buenashastaelhueso.es\/ca\/el-cardioleg-murcia-i-influencer-dr-abellan-presumeix-dos\" \/>\n<meta property=\"og:site_name\" content=\"Buenas hasta el hueso\" \/>\n<meta property=\"article:publisher\" content=\"https:\/\/www.facebook.com\/buenashastaelhueso\" \/>\n<meta property=\"article:published_time\" content=\"2023-06-02T05:02:07+00:00\" \/>\n<meta property=\"og:image\" content=\"https:\/\/buenashastaelhueso.es\/wp-content\/uploads\/2023\/06\/Dr-Abellan.jpg\" \/>\n\t<meta property=\"og:image:width\" content=\"1200\" \/>\n\t<meta property=\"og:image:height\" content=\"628\" \/>\n\t<meta property=\"og:image:type\" content=\"image\/jpeg\" \/>\n<meta name=\"author\" content=\"Adminverabril\" \/>\n<meta name=\"twitter:card\" content=\"summary_large_image\" \/>\n<meta name=\"twitter:creator\" content=\"@Fruta_de_Hueso\" \/>\n<meta name=\"twitter:site\" content=\"@Fruta_de_Hueso\" \/>\n<meta name=\"twitter:label1\" content=\"Escrit per\" \/>\n\t<meta name=\"twitter:data1\" content=\"Adminverabril\" \/>\n\t<meta name=\"twitter:label2\" content=\"Temps estimat de lectura\" \/>\n\t<meta name=\"twitter:data2\" content=\"1 minut\" \/>\n<script type=\"application\/ld+json\" class=\"yoast-schema-graph\">{\"@context\":\"https:\\\/\\\/schema.org\",\"@graph\":[{\"@type\":\"Article\",\"@id\":\"https:\\\/\\\/buenashastaelhueso.es\\\/ca\\\/el-cardioleg-murcia-i-influencer-dr-abellan-presumeix-dos#article\",\"isPartOf\":{\"@id\":\"https:\\\/\\\/buenashastaelhueso.es\\\/ca\\\/el-cardioleg-murcia-i-influencer-dr-abellan-presumeix-dos\"},\"author\":{\"name\":\"Adminverabril\",\"@id\":\"https:\\\/\\\/buenashastaelhueso.es\\\/#\\\/schema\\\/person\\\/32e7987c8f268985fdbd7d1e95a3e895\"},\"headline\":\"El cardi\u00f2leg murci\u00e0 i influencer Dr. Abell\u00e1n presumeix d&#8221;os&#8217;\",\"datePublished\":\"2023-06-02T05:02:07+00:00\",\"mainEntityOfPage\":{\"@id\":\"https:\\\/\\\/buenashastaelhueso.es\\\/ca\\\/el-cardioleg-murcia-i-influencer-dr-abellan-presumeix-dos\"},\"wordCount\":154,\"commentCount\":0,\"publisher\":{\"@id\":\"https:\\\/\\\/buenashastaelhueso.es\\\/#organization\"},\"image\":{\"@id\":\"https:\\\/\\\/buenashastaelhueso.es\\\/ca\\\/el-cardioleg-murcia-i-influencer-dr-abellan-presumeix-dos#primaryimage\"},\"thumbnailUrl\":\"https:\\\/\\\/buenashastaelhueso.es\\\/wp-content\\\/uploads\\\/2023\\\/06\\\/Dr-Abellan.jpg\",\"keywords\":[\"albercoc\",\"cardi\u00f2leg\",\"cirera\",\"Cooperatives Agroaliment\u00e0ries d'Espanya\",\"Hospital Santa Ll\u00facia de Cartagena\",\"Jos\u00e9 Abell\u00e1n\",\"nectarina\",\"paraguai\u00e0\",\"pr\u00e9ssec\",\"pruna\",\"sabor\",\"saludable\",\"salut\"],\"articleSection\":[\"Not\u00edcies\"],\"inLanguage\":\"ca\",\"potentialAction\":[{\"@type\":\"CommentAction\",\"name\":\"Comment\",\"target\":[\"https:\\\/\\\/buenashastaelhueso.es\\\/ca\\\/el-cardioleg-murcia-i-influencer-dr-abellan-presumeix-dos#respond\"]}]},{\"@type\":\"WebPage\",\"@id\":\"https:\\\/\\\/buenashastaelhueso.es\\\/ca\\\/el-cardioleg-murcia-i-influencer-dr-abellan-presumeix-dos\",\"url\":\"https:\\\/\\\/buenashastaelhueso.es\\\/ca\\\/el-cardioleg-murcia-i-influencer-dr-abellan-presumeix-dos\",\"name\":\"El cardi\u00f2leg murci\u00e0 i influencer Dr. Abell\u00e1n presumeix d''os' - Buenas hasta el hueso\",\"isPartOf\":{\"@id\":\"https:\\\/\\\/buenashastaelhueso.es\\\/#website\"},\"primaryImageOfPage\":{\"@id\":\"https:\\\/\\\/buenashastaelhueso.es\\\/ca\\\/el-cardioleg-murcia-i-influencer-dr-abellan-presumeix-dos#primaryimage\"},\"image\":{\"@id\":\"https:\\\/\\\/buenashastaelhueso.es\\\/ca\\\/el-cardioleg-murcia-i-influencer-dr-abellan-presumeix-dos#primaryimage\"},\"thumbnailUrl\":\"https:\\\/\\\/buenashastaelhueso.es\\\/wp-content\\\/uploads\\\/2023\\\/06\\\/Dr-Abellan.jpg\",\"datePublished\":\"2023-06-02T05:02:07+00:00\",\"description\":\"Jos\u00e9 Abell\u00e1n, cardi\u00f2leg de l'Hospital Santa Luc\u00eda de Cartagena, col\u00b7labora amb la campanya impulsada per les cooperatives agroaliment\u00e0ries\",\"breadcrumb\":{\"@id\":\"https:\\\/\\\/buenashastaelhueso.es\\\/ca\\\/el-cardioleg-murcia-i-influencer-dr-abellan-presumeix-dos#breadcrumb\"},\"inLanguage\":\"ca\",\"potentialAction\":[{\"@type\":\"ReadAction\",\"target\":[\"https:\\\/\\\/buenashastaelhueso.es\\\/ca\\\/el-cardioleg-murcia-i-influencer-dr-abellan-presumeix-dos\"]}]},{\"@type\":\"ImageObject\",\"inLanguage\":\"ca\",\"@id\":\"https:\\\/\\\/buenashastaelhueso.es\\\/ca\\\/el-cardioleg-murcia-i-influencer-dr-abellan-presumeix-dos#primaryimage\",\"url\":\"https:\\\/\\\/buenashastaelhueso.es\\\/wp-content\\\/uploads\\\/2023\\\/06\\\/Dr-Abellan.jpg\",\"contentUrl\":\"https:\\\/\\\/buenashastaelhueso.es\\\/wp-content\\\/uploads\\\/2023\\\/06\\\/Dr-Abellan.jpg\",\"width\":1200,\"height\":628},{\"@type\":\"BreadcrumbList\",\"@id\":\"https:\\\/\\\/buenashastaelhueso.es\\\/ca\\\/el-cardioleg-murcia-i-influencer-dr-abellan-presumeix-dos#breadcrumb\",\"itemListElement\":[{\"@type\":\"ListItem\",\"position\":1,\"name\":\"Portada\",\"item\":\"https:\\\/\\\/buenashastaelhueso.es\\\/\"},{\"@type\":\"ListItem\",\"position\":2,\"name\":\"El cardi\u00f2leg murci\u00e0 i influencer Dr. Abell\u00e1n presumeix d&#8221;os&#8217;\"}]},{\"@type\":\"WebSite\",\"@id\":\"https:\\\/\\\/buenashastaelhueso.es\\\/#website\",\"url\":\"https:\\\/\\\/buenashastaelhueso.es\\\/\",\"name\":\"Buenas Hasta el Hueso\",\"description\":\"Melocot\u00f3n, cereza, albaricoque, ciruela, nectarina, paraguayo... Las frutas de hueso son todo sabor, \u00a1y muy sanas! Descubre Buenas Hasta El Hueso\",\"publisher\":{\"@id\":\"https:\\\/\\\/buenashastaelhueso.es\\\/#organization\"},\"potentialAction\":[{\"@type\":\"SearchAction\",\"target\":{\"@type\":\"EntryPoint\",\"urlTemplate\":\"https:\\\/\\\/buenashastaelhueso.es\\\/?s={search_term_string}\"},\"query-input\":{\"@type\":\"PropertyValueSpecification\",\"valueRequired\":true,\"valueName\":\"search_term_string\"}}],\"inLanguage\":\"ca\"},{\"@type\":\"Organization\",\"@id\":\"https:\\\/\\\/buenashastaelhueso.es\\\/#organization\",\"name\":\"Buenas Hasta el Hueso\",\"url\":\"https:\\\/\\\/buenashastaelhueso.es\\\/\",\"logo\":{\"@type\":\"ImageObject\",\"inLanguage\":\"ca\",\"@id\":\"https:\\\/\\\/buenashastaelhueso.es\\\/#\\\/schema\\\/logo\\\/image\\\/\",\"url\":\"https:\\\/\\\/buenashastaelhueso.es\\\/wp-content\\\/uploads\\\/2023\\\/05\\\/LOGO_2_JPEG.jpg\",\"contentUrl\":\"https:\\\/\\\/buenashastaelhueso.es\\\/wp-content\\\/uploads\\\/2023\\\/05\\\/LOGO_2_JPEG.jpg\",\"width\":1080,\"height\":1080,\"caption\":\"Buenas Hasta el Hueso\"},\"image\":{\"@id\":\"https:\\\/\\\/buenashastaelhueso.es\\\/#\\\/schema\\\/logo\\\/image\\\/\"},\"sameAs\":[\"https:\\\/\\\/www.facebook.com\\\/buenashastaelhueso\",\"https:\\\/\\\/x.com\\\/Fruta_de_Hueso\",\"https:\\\/\\\/www.instagram.com\\\/buenashastaelhueso\",\"https:\\\/\\\/www.youtube.com\\\/channel\\\/UCGcztHmqo_HxpsbEO2i-8gw\",\"https:\\\/\\\/www.tiktok.com\\\/@buenashastaelhueso\"]},{\"@type\":\"Person\",\"@id\":\"https:\\\/\\\/buenashastaelhueso.es\\\/#\\\/schema\\\/person\\\/32e7987c8f268985fdbd7d1e95a3e895\",\"name\":\"Adminverabril\",\"image\":{\"@type\":\"ImageObject\",\"inLanguage\":\"ca\",\"@id\":\"https:\\\/\\\/secure.gravatar.com\\\/avatar\\\/d7221e37c27fddd2b3ead0d5cc83af48521b4a8354cb0c62701db9702af43f82?s=96&d=mm&r=g\",\"url\":\"https:\\\/\\\/secure.gravatar.com\\\/avatar\\\/d7221e37c27fddd2b3ead0d5cc83af48521b4a8354cb0c62701db9702af43f82?s=96&d=mm&r=g\",\"contentUrl\":\"https:\\\/\\\/secure.gravatar.com\\\/avatar\\\/d7221e37c27fddd2b3ead0d5cc83af48521b4a8354cb0c62701db9702af43f82?s=96&d=mm&r=g\",\"caption\":\"Adminverabril\"},\"sameAs\":[\"http:\\\/\\\/buenashastaelhueso.es\"],\"url\":\"https:\\\/\\\/buenashastaelhueso.es\\\/ca\\\/author\\\/adminverabril\"}]}<\/script>\n<!-- \/ Yoast SEO plugin. -->","yoast_head_json":{"title":"El cardi\u00f2leg murci\u00e0 i influencer Dr. Abell\u00e1n presumeix d''os' - Buenas hasta el hueso","description":"Jos\u00e9 Abell\u00e1n, cardi\u00f2leg de l'Hospital Santa Luc\u00eda de Cartagena, col\u00b7labora amb la campanya impulsada per les cooperatives agroaliment\u00e0ries","robots":{"index":"index","follow":"follow","max-snippet":"max-snippet:-1","max-image-preview":"max-image-preview:large","max-video-preview":"max-video-preview:-1"},"canonical":"https:\/\/buenashastaelhueso.es\/ca\/el-cardioleg-murcia-i-influencer-dr-abellan-presumeix-dos","og_locale":"ca_ES","og_type":"article","og_title":"El cardi\u00f2leg murci\u00e0 i influencer Dr. Abell\u00e1n presumeix d''os' - Buenas hasta el hueso","og_description":"Jos\u00e9 Abell\u00e1n, cardi\u00f2leg de l'Hospital Santa Luc\u00eda de Cartagena, col\u00b7labora amb la campanya impulsada per les cooperatives agroaliment\u00e0ries","og_url":"https:\/\/buenashastaelhueso.es\/ca\/el-cardioleg-murcia-i-influencer-dr-abellan-presumeix-dos","og_site_name":"Buenas hasta el hueso","article_publisher":"https:\/\/www.facebook.com\/buenashastaelhueso","article_published_time":"2023-06-02T05:02:07+00:00","og_image":[{"width":1200,"height":628,"url":"https:\/\/buenashastaelhueso.es\/wp-content\/uploads\/2023\/06\/Dr-Abellan.jpg","type":"image\/jpeg"}],"author":"Adminverabril","twitter_card":"summary_large_image","twitter_creator":"@Fruta_de_Hueso","twitter_site":"@Fruta_de_Hueso","twitter_misc":{"Escrit per":"Adminverabril","Temps estimat de lectura":"1 minut"},"schema":{"@context":"https:\/\/schema.org","@graph":[{"@type":"Article","@id":"https:\/\/buenashastaelhueso.es\/ca\/el-cardioleg-murcia-i-influencer-dr-abellan-presumeix-dos#article","isPartOf":{"@id":"https:\/\/buenashastaelhueso.es\/ca\/el-cardioleg-murcia-i-influencer-dr-abellan-presumeix-dos"},"author":{"name":"Adminverabril","@id":"https:\/\/buenashastaelhueso.es\/#\/schema\/person\/32e7987c8f268985fdbd7d1e95a3e895"},"headline":"El cardi\u00f2leg murci\u00e0 i influencer Dr. Abell\u00e1n presumeix d&#8221;os&#8217;","datePublished":"2023-06-02T05:02:07+00:00","mainEntityOfPage":{"@id":"https:\/\/buenashastaelhueso.es\/ca\/el-cardioleg-murcia-i-influencer-dr-abellan-presumeix-dos"},"wordCount":154,"commentCount":0,"publisher":{"@id":"https:\/\/buenashastaelhueso.es\/#organization"},"image":{"@id":"https:\/\/buenashastaelhueso.es\/ca\/el-cardioleg-murcia-i-influencer-dr-abellan-presumeix-dos#primaryimage"},"thumbnailUrl":"https:\/\/buenashastaelhueso.es\/wp-content\/uploads\/2023\/06\/Dr-Abellan.jpg","keywords":["albercoc","cardi\u00f2leg","cirera","Cooperatives Agroaliment\u00e0ries d'Espanya","Hospital Santa Ll\u00facia de Cartagena","Jos\u00e9 Abell\u00e1n","nectarina","paraguai\u00e0","pr\u00e9ssec","pruna","sabor","saludable","salut"],"articleSection":["Not\u00edcies"],"inLanguage":"ca","potentialAction":[{"@type":"CommentAction","name":"Comment","target":["https:\/\/buenashastaelhueso.es\/ca\/el-cardioleg-murcia-i-influencer-dr-abellan-presumeix-dos#respond"]}]},{"@type":"WebPage","@id":"https:\/\/buenashastaelhueso.es\/ca\/el-cardioleg-murcia-i-influencer-dr-abellan-presumeix-dos","url":"https:\/\/buenashastaelhueso.es\/ca\/el-cardioleg-murcia-i-influencer-dr-abellan-presumeix-dos","name":"El cardi\u00f2leg murci\u00e0 i influencer Dr. Abell\u00e1n presumeix d''os' - Buenas hasta el hueso","isPartOf":{"@id":"https:\/\/buenashastaelhueso.es\/#website"},"primaryImageOfPage":{"@id":"https:\/\/buenashastaelhueso.es\/ca\/el-cardioleg-murcia-i-influencer-dr-abellan-presumeix-dos#primaryimage"},"image":{"@id":"https:\/\/buenashastaelhueso.es\/ca\/el-cardioleg-murcia-i-influencer-dr-abellan-presumeix-dos#primaryimage"},"thumbnailUrl":"https:\/\/buenashastaelhueso.es\/wp-content\/uploads\/2023\/06\/Dr-Abellan.jpg","datePublished":"2023-06-02T05:02:07+00:00","description":"Jos\u00e9 Abell\u00e1n, cardi\u00f2leg de l'Hospital Santa Luc\u00eda de Cartagena, col\u00b7labora amb la campanya impulsada per les cooperatives agroaliment\u00e0ries","breadcrumb":{"@id":"https:\/\/buenashastaelhueso.es\/ca\/el-cardioleg-murcia-i-influencer-dr-abellan-presumeix-dos#breadcrumb"},"inLanguage":"ca","potentialAction":[{"@type":"ReadAction","target":["https:\/\/buenashastaelhueso.es\/ca\/el-cardioleg-murcia-i-influencer-dr-abellan-presumeix-dos"]}]},{"@type":"ImageObject","inLanguage":"ca","@id":"https:\/\/buenashastaelhueso.es\/ca\/el-cardioleg-murcia-i-influencer-dr-abellan-presumeix-dos#primaryimage","url":"https:\/\/buenashastaelhueso.es\/wp-content\/uploads\/2023\/06\/Dr-Abellan.jpg","contentUrl":"https:\/\/buenashastaelhueso.es\/wp-content\/uploads\/2023\/06\/Dr-Abellan.jpg","width":1200,"height":628},{"@type":"BreadcrumbList","@id":"https:\/\/buenashastaelhueso.es\/ca\/el-cardioleg-murcia-i-influencer-dr-abellan-presumeix-dos#breadcrumb","itemListElement":[{"@type":"ListItem","position":1,"name":"Portada","item":"https:\/\/buenashastaelhueso.es\/"},{"@type":"ListItem","position":2,"name":"El cardi\u00f2leg murci\u00e0 i influencer Dr. Abell\u00e1n presumeix d&#8221;os&#8217;"}]},{"@type":"WebSite","@id":"https:\/\/buenashastaelhueso.es\/#website","url":"https:\/\/buenashastaelhueso.es\/","name":"Buenas Hasta el Hueso","description":"Melocot\u00f3n, cereza, albaricoque, ciruela, nectarina, paraguayo... Las frutas de hueso son todo sabor, \u00a1y muy sanas! Descubre Buenas Hasta El Hueso","publisher":{"@id":"https:\/\/buenashastaelhueso.es\/#organization"},"potentialAction":[{"@type":"SearchAction","target":{"@type":"EntryPoint","urlTemplate":"https:\/\/buenashastaelhueso.es\/?s={search_term_string}"},"query-input":{"@type":"PropertyValueSpecification","valueRequired":true,"valueName":"search_term_string"}}],"inLanguage":"ca"},{"@type":"Organization","@id":"https:\/\/buenashastaelhueso.es\/#organization","name":"Buenas Hasta el Hueso","url":"https:\/\/buenashastaelhueso.es\/","logo":{"@type":"ImageObject","inLanguage":"ca","@id":"https:\/\/buenashastaelhueso.es\/#\/schema\/logo\/image\/","url":"https:\/\/buenashastaelhueso.es\/wp-content\/uploads\/2023\/05\/LOGO_2_JPEG.jpg","contentUrl":"https:\/\/buenashastaelhueso.es\/wp-content\/uploads\/2023\/05\/LOGO_2_JPEG.jpg","width":1080,"height":1080,"caption":"Buenas Hasta el Hueso"},"image":{"@id":"https:\/\/buenashastaelhueso.es\/#\/schema\/logo\/image\/"},"sameAs":["https:\/\/www.facebook.com\/buenashastaelhueso","https:\/\/x.com\/Fruta_de_Hueso","https:\/\/www.instagram.com\/buenashastaelhueso","https:\/\/www.youtube.com\/channel\/UCGcztHmqo_HxpsbEO2i-8gw","https:\/\/www.tiktok.com\/@buenashastaelhueso"]},{"@type":"Person","@id":"https:\/\/buenashastaelhueso.es\/#\/schema\/person\/32e7987c8f268985fdbd7d1e95a3e895","name":"Adminverabril","image":{"@type":"ImageObject","inLanguage":"ca","@id":"https:\/\/secure.gravatar.com\/avatar\/d7221e37c27fddd2b3ead0d5cc83af48521b4a8354cb0c62701db9702af43f82?s=96&d=mm&r=g","url":"https:\/\/secure.gravatar.com\/avatar\/d7221e37c27fddd2b3ead0d5cc83af48521b4a8354cb0c62701db9702af43f82?s=96&d=mm&r=g","contentUrl":"https:\/\/secure.gravatar.com\/avatar\/d7221e37c27fddd2b3ead0d5cc83af48521b4a8354cb0c62701db9702af43f82?s=96&d=mm&r=g","caption":"Adminverabril"},"sameAs":["http:\/\/buenashastaelhueso.es"],"url":"https:\/\/buenashastaelhueso.es\/ca\/author\/adminverabril"}]}},"_links":{"self":[{"href":"https:\/\/buenashastaelhueso.es\/ca\/wp-json\/wp\/v2\/posts\/2092","targetHints":{"allow":["GET"]}}],"collection":[{"href":"https:\/\/buenashastaelhueso.es\/ca\/wp-json\/wp\/v2\/posts"}],"about":[{"href":"https:\/\/buenashastaelhueso.es\/ca\/wp-json\/wp\/v2\/types\/post"}],"author":[{"embeddable":true,"href":"https:\/\/buenashastaelhueso.es\/ca\/wp-json\/wp\/v2\/users\/1"}],"replies":[{"embeddable":true,"href":"https:\/\/buenashastaelhueso.es\/ca\/wp-json\/wp\/v2\/comments?post=2092"}],"version-history":[{"count":0,"href":"https:\/\/buenashastaelhueso.es\/ca\/wp-json\/wp\/v2\/posts\/2092\/revisions"}],"wp:featuredmedia":[{"embeddable":true,"href":"https:\/\/buenashastaelhueso.es\/ca\/wp-json\/wp\/v2\/media\/1850"}],"wp:attachment":[{"href":"https:\/\/buenashastaelhueso.es\/ca\/wp-json\/wp\/v2\/media?parent=2092"}],"wp:term":[{"taxonomy":"category","embeddable":true,"href":"https:\/\/buenashastaelhueso.es\/ca\/wp-json\/wp\/v2\/categories?post=2092"},{"taxonomy":"post_tag","embeddable":true,"href":"https:\/\/buenashastaelhueso.es\/ca\/wp-json\/wp\/v2\/tags?post=2092"}],"curies":[{"name":"wp","href":"https:\/\/api.w.org\/{rel}","templated":true}]}}