{"id":2074,"date":"2024-07-11T13:13:52","date_gmt":"2024-07-11T13:13:52","guid":{"rendered":"https:\/\/buenashastaelhueso.es\/el-flow-del-pressec-aspira-a-canco-de-lestiu-amb-buenas-fins-a-los"},"modified":"2024-07-11T13:13:52","modified_gmt":"2024-07-11T13:13:52","slug":"el-flow-del-pressec-aspira-a-canco-de-lestiu-amb-buenas-fins-a-los","status":"publish","type":"post","link":"https:\/\/buenashastaelhueso.es\/ca\/el-flow-del-pressec-aspira-a-canco-de-lestiu-amb-buenas-fins-a-los","title":{"rendered":"El flow del pr\u00e9ssec aspira a can\u00e7\u00f3 de l&#8217;estiu amb &#8216;Buenas Fins a l&#8217;Os&#8217;"},"content":{"rendered":"\n<p><em>Aquesta campanya ha llan\u00e7at a les seves xarxes socials una divertida can\u00e7\u00f3 a ritme reggaet\u00f3 i trap  <\/em><\/p>\n\n\n\n<p><em>En aquesta iniciativa hi participen les federacions agroaliment\u00e0ries regionals d&#8217;Arag\u00f3, Andalusia, Catalunya, Comunitat Valenciana, Extremadura i Regi\u00f3 de M\u00farcia.<\/em><\/p>\n\n\n\n<p>12\/06\/24 \u2013 Pr\u00e9ssec Flow. Aquest \u00e9s el t\u00edtol de la can\u00e7\u00f3 que, a ritme de reggaet\u00f3 i trap, ha llan\u00e7at la campanya &#8216;Bonas Fins a l&#8217;Os&#8217; \u200b\u200ba les seves xarxes socials i que aspira a tot. <em>\u00c9s la nostra can\u00e7\u00f3 de l&#8217;estiu. \u00c9s curteta, adaptada a l&#8217;actual consum en l\u00ednia, per\u00f2 no te la pots treure del cap, com la nostra fruita de pinyol\u201d<\/em> , assenyalen divertits els responsables de la campanya.<\/p>\n\n\n\n<p>Amb un v\u00eddeo tan cridaner com divertit protagonitzat per un pr\u00e9ssec abillat amb gorra i ulleres de sol, l&#8217;enganx\u00f3s tema rima les virtuts d&#8217;aquesta fruita o l&#8217;important paper de les cooperatives agroaliment\u00e0ries en la seva producci\u00f3. A m\u00e9s, tamb\u00e9 recorda que aquesta fruita \u00e9s per a tots els p\u00fablics i t\u00e9 cabuda en l&#8217;elaboraci\u00f3 de molts plats.<\/p>\n\n\n\n<p><em>\u201cVolem arribar al gran p\u00fablic amb una barreja d&#8217;informaci\u00f3 i entreteniment, centrant el nostre missatge en dos aspectes principals, el sabor i el car\u00e0cter saludable de les nostres fruites de pinyol\u201d<\/em> , expliquen a &#8216;Buenas Fins a l&#8217;Os&#8217;, campanya on els protagonistes s\u00f3n tant pr\u00e9ssecs com nectarines, albercocs, prunes i cireres.<\/p>\n\n\n\n<p><strong>A les xarxes socials<\/strong><\/p>\n\n\n\n<p>Aquesta estrat\u00e8gia, l&#8217;entorn d&#8217;acci\u00f3 de la qual s\u00f3n les xarxes socials, t\u00e9 com a principal objectiu fomentar el consum de fruita de pinyol entre la poblaci\u00f3 de totes les edats. Per aix\u00f2, a trav\u00e9s dels seus comptes a Instagram, Facebook, X, Tik Tok i YouTube llan\u00e7a missatges audiovisuals i gr\u00e0fics per aconseguir l&#8217;atenci\u00f3 del p\u00fablic en general.<\/p>\n\n\n\n<p>La campanya &#8216;Bones Fins a l&#8217;Os&#8217; \u200b\u200bva n\u00e9ixer l&#8217;any passat amb grans resultats: un total de total set milions i mig de reproduccions de v\u00eddeos, aconseguint m\u00e9s de nou milions de comptes. De la m\u00e0 de Cooperatives Agro-Aliment\u00e0ries d&#8217;Espanya, van comen\u00e7ar les federacions regionals d&#8217;Arag\u00f3, Catalunya, el Pa\u00eds Valenci\u00e0 i la Regi\u00f3 de M\u00farcia, a les quals aquest any s&#8217;han sumat les d&#8217;Andalusia i Extremadura.<\/p>\n\n\n\n<p>A m\u00e9s, la campanya -que cobra tota la seva intensitat de finals d&#8217;abril a mitjans de setembre- compta amb la seva pr\u00f2pia p\u00e0gina web ( <a href=\"http:\/\/www.buenashastaelhueso.es\">www.buenashastaelhueso.es<\/a> ). Els consumidors hi poden trobar informaci\u00f3 detallada de cadascuna de les fruites, aix\u00ed com continguts sobre salut, not\u00edcies, receptes, dades sobre cooperativisme agr\u00edcola\u2026<\/p>\n","protected":false},"excerpt":{"rendered":"<p>Aquesta campanya ha llan\u00e7at a les seves xarxes socials una divertida can\u00e7\u00f3 a ritme reggaet\u00f3 i trap En aquesta iniciativa hi participen les federacions agroaliment\u00e0ries regionals d&#8217;Arag\u00f3, Andalusia, Catalunya, Comunitat Valenciana, Extremadura i Regi\u00f3 de M\u00farcia. 12\/06\/24 \u2013 Pr\u00e9ssec Flow. Aquest \u00e9s el t\u00edtol de la can\u00e7\u00f3 que, a ritme de reggaet\u00f3 i trap, ha [&hellip;]<\/p>\n","protected":false},"author":1,"featured_media":1946,"comment_status":"open","ping_status":"open","sticky":false,"template":"","format":"standard","meta":{"footnotes":""},"categories":[119],"tags":[],"class_list":["post-2074","post","type-post","status-publish","format-standard","has-post-thumbnail","hentry","category-noticies"],"yoast_head":"<!-- This site is optimized with the Yoast SEO plugin v27.5 - https:\/\/yoast.com\/product\/yoast-seo-wordpress\/ -->\n<title>El flow del pr\u00e9ssec aspira a can\u00e7\u00f3 de l&#039;estiu amb &#039;Buenas Fins a l&#039;Os&#039; - Buenas hasta el hueso<\/title>\n<meta name=\"robots\" content=\"index, follow, max-snippet:-1, max-image-preview:large, max-video-preview:-1\" \/>\n<link rel=\"canonical\" href=\"https:\/\/buenashastaelhueso.es\/el-flow-del-pressec-aspira-a-canco-de-lestiu-amb-buenas-fins-a-los\" \/>\n<meta property=\"og:locale\" content=\"ca_ES\" \/>\n<meta property=\"og:type\" content=\"article\" \/>\n<meta property=\"og:title\" content=\"El flow del pr\u00e9ssec aspira a can\u00e7\u00f3 de l&#039;estiu amb &#039;Buenas Fins a l&#039;Os&#039; - Buenas hasta el hueso\" \/>\n<meta property=\"og:description\" content=\"Aquesta campanya ha llan\u00e7at a les seves xarxes socials una divertida can\u00e7\u00f3 a ritme reggaet\u00f3 i trap En aquesta iniciativa hi participen les federacions agroaliment\u00e0ries regionals d&#8217;Arag\u00f3, Andalusia, Catalunya, Comunitat Valenciana, Extremadura i Regi\u00f3 de M\u00farcia. 12\/06\/24 \u2013 Pr\u00e9ssec Flow. Aquest \u00e9s el t\u00edtol de la can\u00e7\u00f3 que, a ritme de reggaet\u00f3 i trap, ha [&hellip;]\" \/>\n<meta property=\"og:url\" content=\"https:\/\/buenashastaelhueso.es\/el-flow-del-pressec-aspira-a-canco-de-lestiu-amb-buenas-fins-a-los\" \/>\n<meta property=\"og:site_name\" content=\"Buenas hasta el hueso\" \/>\n<meta property=\"article:publisher\" content=\"https:\/\/www.facebook.com\/buenashastaelhueso\" \/>\n<meta property=\"article:published_time\" content=\"2024-07-11T13:13:52+00:00\" \/>\n<meta property=\"og:image\" content=\"https:\/\/buenashastaelhueso.es\/wp-content\/uploads\/2023\/05\/Buenas-Hasta-el-Hueso_logo.jpg\" \/>\n\t<meta property=\"og:image:width\" content=\"1200\" \/>\n\t<meta property=\"og:image:height\" content=\"675\" \/>\n\t<meta property=\"og:image:type\" content=\"image\/jpeg\" \/>\n<meta name=\"author\" content=\"Adminverabril\" \/>\n<meta name=\"twitter:card\" content=\"summary_large_image\" \/>\n<meta name=\"twitter:creator\" content=\"@Fruta_de_Hueso\" \/>\n<meta name=\"twitter:site\" content=\"@Fruta_de_Hueso\" \/>\n<meta name=\"twitter:label1\" content=\"Escrit per\" \/>\n\t<meta name=\"twitter:data1\" content=\"Adminverabril\" \/>\n\t<meta name=\"twitter:label2\" content=\"Temps estimat de lectura\" \/>\n\t<meta name=\"twitter:data2\" content=\"2 minuts\" \/>\n<script type=\"application\/ld+json\" class=\"yoast-schema-graph\">{\"@context\":\"https:\\\/\\\/schema.org\",\"@graph\":[{\"@type\":\"Article\",\"@id\":\"https:\\\/\\\/buenashastaelhueso.es\\\/el-flow-del-pressec-aspira-a-canco-de-lestiu-amb-buenas-fins-a-los#article\",\"isPartOf\":{\"@id\":\"https:\\\/\\\/buenashastaelhueso.es\\\/el-flow-del-pressec-aspira-a-canco-de-lestiu-amb-buenas-fins-a-los\"},\"author\":{\"name\":\"Adminverabril\",\"@id\":\"https:\\\/\\\/buenashastaelhueso.es\\\/#\\\/schema\\\/person\\\/32e7987c8f268985fdbd7d1e95a3e895\"},\"headline\":\"El flow del pr\u00e9ssec aspira a can\u00e7\u00f3 de l&#8217;estiu amb &#8216;Buenas Fins a l&#8217;Os&#8217;\",\"datePublished\":\"2024-07-11T13:13:52+00:00\",\"mainEntityOfPage\":{\"@id\":\"https:\\\/\\\/buenashastaelhueso.es\\\/el-flow-del-pressec-aspira-a-canco-de-lestiu-amb-buenas-fins-a-los\"},\"wordCount\":460,\"commentCount\":0,\"publisher\":{\"@id\":\"https:\\\/\\\/buenashastaelhueso.es\\\/#organization\"},\"image\":{\"@id\":\"https:\\\/\\\/buenashastaelhueso.es\\\/el-flow-del-pressec-aspira-a-canco-de-lestiu-amb-buenas-fins-a-los#primaryimage\"},\"thumbnailUrl\":\"https:\\\/\\\/buenashastaelhueso.es\\\/wp-content\\\/uploads\\\/2024\\\/07\\\/Captura-de-pantalla-2024-06-20-144025.png\",\"articleSection\":[\"Not\u00edcies\"],\"inLanguage\":\"ca\",\"potentialAction\":[{\"@type\":\"CommentAction\",\"name\":\"Comment\",\"target\":[\"https:\\\/\\\/buenashastaelhueso.es\\\/el-flow-del-pressec-aspira-a-canco-de-lestiu-amb-buenas-fins-a-los#respond\"]}]},{\"@type\":\"WebPage\",\"@id\":\"https:\\\/\\\/buenashastaelhueso.es\\\/el-flow-del-pressec-aspira-a-canco-de-lestiu-amb-buenas-fins-a-los\",\"url\":\"https:\\\/\\\/buenashastaelhueso.es\\\/el-flow-del-pressec-aspira-a-canco-de-lestiu-amb-buenas-fins-a-los\",\"name\":\"El flow del pr\u00e9ssec aspira a can\u00e7\u00f3 de l'estiu amb 'Buenas Fins a l'Os' - Buenas hasta el hueso\",\"isPartOf\":{\"@id\":\"https:\\\/\\\/buenashastaelhueso.es\\\/#website\"},\"primaryImageOfPage\":{\"@id\":\"https:\\\/\\\/buenashastaelhueso.es\\\/el-flow-del-pressec-aspira-a-canco-de-lestiu-amb-buenas-fins-a-los#primaryimage\"},\"image\":{\"@id\":\"https:\\\/\\\/buenashastaelhueso.es\\\/el-flow-del-pressec-aspira-a-canco-de-lestiu-amb-buenas-fins-a-los#primaryimage\"},\"thumbnailUrl\":\"https:\\\/\\\/buenashastaelhueso.es\\\/wp-content\\\/uploads\\\/2024\\\/07\\\/Captura-de-pantalla-2024-06-20-144025.png\",\"datePublished\":\"2024-07-11T13:13:52+00:00\",\"breadcrumb\":{\"@id\":\"https:\\\/\\\/buenashastaelhueso.es\\\/el-flow-del-pressec-aspira-a-canco-de-lestiu-amb-buenas-fins-a-los#breadcrumb\"},\"inLanguage\":\"ca\",\"potentialAction\":[{\"@type\":\"ReadAction\",\"target\":[\"https:\\\/\\\/buenashastaelhueso.es\\\/el-flow-del-pressec-aspira-a-canco-de-lestiu-amb-buenas-fins-a-los\"]}]},{\"@type\":\"ImageObject\",\"inLanguage\":\"ca\",\"@id\":\"https:\\\/\\\/buenashastaelhueso.es\\\/el-flow-del-pressec-aspira-a-canco-de-lestiu-amb-buenas-fins-a-los#primaryimage\",\"url\":\"https:\\\/\\\/buenashastaelhueso.es\\\/wp-content\\\/uploads\\\/2024\\\/07\\\/Captura-de-pantalla-2024-06-20-144025.png\",\"contentUrl\":\"https:\\\/\\\/buenashastaelhueso.es\\\/wp-content\\\/uploads\\\/2024\\\/07\\\/Captura-de-pantalla-2024-06-20-144025.png\",\"width\":1032,\"height\":1031},{\"@type\":\"BreadcrumbList\",\"@id\":\"https:\\\/\\\/buenashastaelhueso.es\\\/el-flow-del-pressec-aspira-a-canco-de-lestiu-amb-buenas-fins-a-los#breadcrumb\",\"itemListElement\":[{\"@type\":\"ListItem\",\"position\":1,\"name\":\"Portada\",\"item\":\"https:\\\/\\\/buenashastaelhueso.es\\\/\"},{\"@type\":\"ListItem\",\"position\":2,\"name\":\"El flow del pr\u00e9ssec aspira a can\u00e7\u00f3 de l&#8217;estiu amb &#8216;Buenas Fins a l&#8217;Os&#8217;\"}]},{\"@type\":\"WebSite\",\"@id\":\"https:\\\/\\\/buenashastaelhueso.es\\\/#website\",\"url\":\"https:\\\/\\\/buenashastaelhueso.es\\\/\",\"name\":\"Buenas Hasta el Hueso\",\"description\":\"Melocot\u00f3n, cereza, albaricoque, ciruela, nectarina, paraguayo... Las frutas de hueso son todo sabor, \u00a1y muy sanas! Descubre Buenas Hasta El Hueso\",\"publisher\":{\"@id\":\"https:\\\/\\\/buenashastaelhueso.es\\\/#organization\"},\"potentialAction\":[{\"@type\":\"SearchAction\",\"target\":{\"@type\":\"EntryPoint\",\"urlTemplate\":\"https:\\\/\\\/buenashastaelhueso.es\\\/?s={search_term_string}\"},\"query-input\":{\"@type\":\"PropertyValueSpecification\",\"valueRequired\":true,\"valueName\":\"search_term_string\"}}],\"inLanguage\":\"ca\"},{\"@type\":\"Organization\",\"@id\":\"https:\\\/\\\/buenashastaelhueso.es\\\/#organization\",\"name\":\"Buenas Hasta el Hueso\",\"url\":\"https:\\\/\\\/buenashastaelhueso.es\\\/\",\"logo\":{\"@type\":\"ImageObject\",\"inLanguage\":\"ca\",\"@id\":\"https:\\\/\\\/buenashastaelhueso.es\\\/#\\\/schema\\\/logo\\\/image\\\/\",\"url\":\"https:\\\/\\\/buenashastaelhueso.es\\\/wp-content\\\/uploads\\\/2023\\\/05\\\/LOGO_2_JPEG.jpg\",\"contentUrl\":\"https:\\\/\\\/buenashastaelhueso.es\\\/wp-content\\\/uploads\\\/2023\\\/05\\\/LOGO_2_JPEG.jpg\",\"width\":1080,\"height\":1080,\"caption\":\"Buenas Hasta el Hueso\"},\"image\":{\"@id\":\"https:\\\/\\\/buenashastaelhueso.es\\\/#\\\/schema\\\/logo\\\/image\\\/\"},\"sameAs\":[\"https:\\\/\\\/www.facebook.com\\\/buenashastaelhueso\",\"https:\\\/\\\/x.com\\\/Fruta_de_Hueso\",\"https:\\\/\\\/www.instagram.com\\\/buenashastaelhueso\",\"https:\\\/\\\/www.youtube.com\\\/channel\\\/UCGcztHmqo_HxpsbEO2i-8gw\",\"https:\\\/\\\/www.tiktok.com\\\/@buenashastaelhueso\"]},{\"@type\":\"Person\",\"@id\":\"https:\\\/\\\/buenashastaelhueso.es\\\/#\\\/schema\\\/person\\\/32e7987c8f268985fdbd7d1e95a3e895\",\"name\":\"Adminverabril\",\"image\":{\"@type\":\"ImageObject\",\"inLanguage\":\"ca\",\"@id\":\"https:\\\/\\\/secure.gravatar.com\\\/avatar\\\/d7221e37c27fddd2b3ead0d5cc83af48521b4a8354cb0c62701db9702af43f82?s=96&d=mm&r=g\",\"url\":\"https:\\\/\\\/secure.gravatar.com\\\/avatar\\\/d7221e37c27fddd2b3ead0d5cc83af48521b4a8354cb0c62701db9702af43f82?s=96&d=mm&r=g\",\"contentUrl\":\"https:\\\/\\\/secure.gravatar.com\\\/avatar\\\/d7221e37c27fddd2b3ead0d5cc83af48521b4a8354cb0c62701db9702af43f82?s=96&d=mm&r=g\",\"caption\":\"Adminverabril\"},\"sameAs\":[\"http:\\\/\\\/buenashastaelhueso.es\"],\"url\":\"https:\\\/\\\/buenashastaelhueso.es\\\/ca\\\/author\\\/adminverabril\"}]}<\/script>\n<!-- \/ Yoast SEO plugin. -->","yoast_head_json":{"title":"El flow del pr\u00e9ssec aspira a can\u00e7\u00f3 de l'estiu amb 'Buenas Fins a l'Os' - Buenas hasta el hueso","robots":{"index":"index","follow":"follow","max-snippet":"max-snippet:-1","max-image-preview":"max-image-preview:large","max-video-preview":"max-video-preview:-1"},"canonical":"https:\/\/buenashastaelhueso.es\/el-flow-del-pressec-aspira-a-canco-de-lestiu-amb-buenas-fins-a-los","og_locale":"ca_ES","og_type":"article","og_title":"El flow del pr\u00e9ssec aspira a can\u00e7\u00f3 de l'estiu amb 'Buenas Fins a l'Os' - Buenas hasta el hueso","og_description":"Aquesta campanya ha llan\u00e7at a les seves xarxes socials una divertida can\u00e7\u00f3 a ritme reggaet\u00f3 i trap En aquesta iniciativa hi participen les federacions agroaliment\u00e0ries regionals d&#8217;Arag\u00f3, Andalusia, Catalunya, Comunitat Valenciana, Extremadura i Regi\u00f3 de M\u00farcia. 12\/06\/24 \u2013 Pr\u00e9ssec Flow. Aquest \u00e9s el t\u00edtol de la can\u00e7\u00f3 que, a ritme de reggaet\u00f3 i trap, ha [&hellip;]","og_url":"https:\/\/buenashastaelhueso.es\/el-flow-del-pressec-aspira-a-canco-de-lestiu-amb-buenas-fins-a-los","og_site_name":"Buenas hasta el hueso","article_publisher":"https:\/\/www.facebook.com\/buenashastaelhueso","article_published_time":"2024-07-11T13:13:52+00:00","og_image":[{"width":1200,"height":675,"url":"https:\/\/buenashastaelhueso.es\/wp-content\/uploads\/2023\/05\/Buenas-Hasta-el-Hueso_logo.jpg","type":"image\/jpeg"}],"author":"Adminverabril","twitter_card":"summary_large_image","twitter_creator":"@Fruta_de_Hueso","twitter_site":"@Fruta_de_Hueso","twitter_misc":{"Escrit per":"Adminverabril","Temps estimat de lectura":"2 minuts"},"schema":{"@context":"https:\/\/schema.org","@graph":[{"@type":"Article","@id":"https:\/\/buenashastaelhueso.es\/el-flow-del-pressec-aspira-a-canco-de-lestiu-amb-buenas-fins-a-los#article","isPartOf":{"@id":"https:\/\/buenashastaelhueso.es\/el-flow-del-pressec-aspira-a-canco-de-lestiu-amb-buenas-fins-a-los"},"author":{"name":"Adminverabril","@id":"https:\/\/buenashastaelhueso.es\/#\/schema\/person\/32e7987c8f268985fdbd7d1e95a3e895"},"headline":"El flow del pr\u00e9ssec aspira a can\u00e7\u00f3 de l&#8217;estiu amb &#8216;Buenas Fins a l&#8217;Os&#8217;","datePublished":"2024-07-11T13:13:52+00:00","mainEntityOfPage":{"@id":"https:\/\/buenashastaelhueso.es\/el-flow-del-pressec-aspira-a-canco-de-lestiu-amb-buenas-fins-a-los"},"wordCount":460,"commentCount":0,"publisher":{"@id":"https:\/\/buenashastaelhueso.es\/#organization"},"image":{"@id":"https:\/\/buenashastaelhueso.es\/el-flow-del-pressec-aspira-a-canco-de-lestiu-amb-buenas-fins-a-los#primaryimage"},"thumbnailUrl":"https:\/\/buenashastaelhueso.es\/wp-content\/uploads\/2024\/07\/Captura-de-pantalla-2024-06-20-144025.png","articleSection":["Not\u00edcies"],"inLanguage":"ca","potentialAction":[{"@type":"CommentAction","name":"Comment","target":["https:\/\/buenashastaelhueso.es\/el-flow-del-pressec-aspira-a-canco-de-lestiu-amb-buenas-fins-a-los#respond"]}]},{"@type":"WebPage","@id":"https:\/\/buenashastaelhueso.es\/el-flow-del-pressec-aspira-a-canco-de-lestiu-amb-buenas-fins-a-los","url":"https:\/\/buenashastaelhueso.es\/el-flow-del-pressec-aspira-a-canco-de-lestiu-amb-buenas-fins-a-los","name":"El flow del pr\u00e9ssec aspira a can\u00e7\u00f3 de l'estiu amb 'Buenas Fins a l'Os' - Buenas hasta el hueso","isPartOf":{"@id":"https:\/\/buenashastaelhueso.es\/#website"},"primaryImageOfPage":{"@id":"https:\/\/buenashastaelhueso.es\/el-flow-del-pressec-aspira-a-canco-de-lestiu-amb-buenas-fins-a-los#primaryimage"},"image":{"@id":"https:\/\/buenashastaelhueso.es\/el-flow-del-pressec-aspira-a-canco-de-lestiu-amb-buenas-fins-a-los#primaryimage"},"thumbnailUrl":"https:\/\/buenashastaelhueso.es\/wp-content\/uploads\/2024\/07\/Captura-de-pantalla-2024-06-20-144025.png","datePublished":"2024-07-11T13:13:52+00:00","breadcrumb":{"@id":"https:\/\/buenashastaelhueso.es\/el-flow-del-pressec-aspira-a-canco-de-lestiu-amb-buenas-fins-a-los#breadcrumb"},"inLanguage":"ca","potentialAction":[{"@type":"ReadAction","target":["https:\/\/buenashastaelhueso.es\/el-flow-del-pressec-aspira-a-canco-de-lestiu-amb-buenas-fins-a-los"]}]},{"@type":"ImageObject","inLanguage":"ca","@id":"https:\/\/buenashastaelhueso.es\/el-flow-del-pressec-aspira-a-canco-de-lestiu-amb-buenas-fins-a-los#primaryimage","url":"https:\/\/buenashastaelhueso.es\/wp-content\/uploads\/2024\/07\/Captura-de-pantalla-2024-06-20-144025.png","contentUrl":"https:\/\/buenashastaelhueso.es\/wp-content\/uploads\/2024\/07\/Captura-de-pantalla-2024-06-20-144025.png","width":1032,"height":1031},{"@type":"BreadcrumbList","@id":"https:\/\/buenashastaelhueso.es\/el-flow-del-pressec-aspira-a-canco-de-lestiu-amb-buenas-fins-a-los#breadcrumb","itemListElement":[{"@type":"ListItem","position":1,"name":"Portada","item":"https:\/\/buenashastaelhueso.es\/"},{"@type":"ListItem","position":2,"name":"El flow del pr\u00e9ssec aspira a can\u00e7\u00f3 de l&#8217;estiu amb &#8216;Buenas Fins a l&#8217;Os&#8217;"}]},{"@type":"WebSite","@id":"https:\/\/buenashastaelhueso.es\/#website","url":"https:\/\/buenashastaelhueso.es\/","name":"Buenas Hasta el Hueso","description":"Melocot\u00f3n, cereza, albaricoque, ciruela, nectarina, paraguayo... Las frutas de hueso son todo sabor, \u00a1y muy sanas! Descubre Buenas Hasta El Hueso","publisher":{"@id":"https:\/\/buenashastaelhueso.es\/#organization"},"potentialAction":[{"@type":"SearchAction","target":{"@type":"EntryPoint","urlTemplate":"https:\/\/buenashastaelhueso.es\/?s={search_term_string}"},"query-input":{"@type":"PropertyValueSpecification","valueRequired":true,"valueName":"search_term_string"}}],"inLanguage":"ca"},{"@type":"Organization","@id":"https:\/\/buenashastaelhueso.es\/#organization","name":"Buenas Hasta el Hueso","url":"https:\/\/buenashastaelhueso.es\/","logo":{"@type":"ImageObject","inLanguage":"ca","@id":"https:\/\/buenashastaelhueso.es\/#\/schema\/logo\/image\/","url":"https:\/\/buenashastaelhueso.es\/wp-content\/uploads\/2023\/05\/LOGO_2_JPEG.jpg","contentUrl":"https:\/\/buenashastaelhueso.es\/wp-content\/uploads\/2023\/05\/LOGO_2_JPEG.jpg","width":1080,"height":1080,"caption":"Buenas Hasta el Hueso"},"image":{"@id":"https:\/\/buenashastaelhueso.es\/#\/schema\/logo\/image\/"},"sameAs":["https:\/\/www.facebook.com\/buenashastaelhueso","https:\/\/x.com\/Fruta_de_Hueso","https:\/\/www.instagram.com\/buenashastaelhueso","https:\/\/www.youtube.com\/channel\/UCGcztHmqo_HxpsbEO2i-8gw","https:\/\/www.tiktok.com\/@buenashastaelhueso"]},{"@type":"Person","@id":"https:\/\/buenashastaelhueso.es\/#\/schema\/person\/32e7987c8f268985fdbd7d1e95a3e895","name":"Adminverabril","image":{"@type":"ImageObject","inLanguage":"ca","@id":"https:\/\/secure.gravatar.com\/avatar\/d7221e37c27fddd2b3ead0d5cc83af48521b4a8354cb0c62701db9702af43f82?s=96&d=mm&r=g","url":"https:\/\/secure.gravatar.com\/avatar\/d7221e37c27fddd2b3ead0d5cc83af48521b4a8354cb0c62701db9702af43f82?s=96&d=mm&r=g","contentUrl":"https:\/\/secure.gravatar.com\/avatar\/d7221e37c27fddd2b3ead0d5cc83af48521b4a8354cb0c62701db9702af43f82?s=96&d=mm&r=g","caption":"Adminverabril"},"sameAs":["http:\/\/buenashastaelhueso.es"],"url":"https:\/\/buenashastaelhueso.es\/ca\/author\/adminverabril"}]}},"_links":{"self":[{"href":"https:\/\/buenashastaelhueso.es\/ca\/wp-json\/wp\/v2\/posts\/2074","targetHints":{"allow":["GET"]}}],"collection":[{"href":"https:\/\/buenashastaelhueso.es\/ca\/wp-json\/wp\/v2\/posts"}],"about":[{"href":"https:\/\/buenashastaelhueso.es\/ca\/wp-json\/wp\/v2\/types\/post"}],"author":[{"embeddable":true,"href":"https:\/\/buenashastaelhueso.es\/ca\/wp-json\/wp\/v2\/users\/1"}],"replies":[{"embeddable":true,"href":"https:\/\/buenashastaelhueso.es\/ca\/wp-json\/wp\/v2\/comments?post=2074"}],"version-history":[{"count":0,"href":"https:\/\/buenashastaelhueso.es\/ca\/wp-json\/wp\/v2\/posts\/2074\/revisions"}],"wp:featuredmedia":[{"embeddable":true,"href":"https:\/\/buenashastaelhueso.es\/ca\/wp-json\/wp\/v2\/media\/1946"}],"wp:attachment":[{"href":"https:\/\/buenashastaelhueso.es\/ca\/wp-json\/wp\/v2\/media?parent=2074"}],"wp:term":[{"taxonomy":"category","embeddable":true,"href":"https:\/\/buenashastaelhueso.es\/ca\/wp-json\/wp\/v2\/categories?post=2074"},{"taxonomy":"post_tag","embeddable":true,"href":"https:\/\/buenashastaelhueso.es\/ca\/wp-json\/wp\/v2\/tags?post=2074"}],"curies":[{"name":"wp","href":"https:\/\/api.w.org\/{rel}","templated":true}]}}