{"id":2062,"date":"2023-04-19T15:41:02","date_gmt":"2023-04-19T15:41:02","guid":{"rendered":"https:\/\/buenashastaelhueso.es\/gelat-de-nectarina-ecologica"},"modified":"2023-04-19T15:41:02","modified_gmt":"2023-04-19T15:41:02","slug":"gelat-de-nectarina-ecologica","status":"publish","type":"post","link":"https:\/\/buenashastaelhueso.es\/ca\/gelat-de-nectarina-ecologica","title":{"rendered":"Gelat de nectarina ecol\u00f2gica"},"content":{"rendered":"\n<p>La nectarina \u00e9s una fruita que est\u00e0 en plena temporada de recol\u00b7lecci\u00f3. Amb ella podem fer riques receptes tan saboroses i fresques com aquesta.<\/p>\n\n\n\n<p id=\"934869\">La nectarina \u00e9s una fruita caracter\u00edstica de l\u00e8poca estival. \u00c9s una gran font de minerals com potassi, fosfor, magnesi, calci, sodi, ferro, zinc, iode i seleni. Per aix\u00f2 \u00e9s beneficiosa per al nostre sistema nervi\u00f3s i muscular. A m\u00e9s, ajuda a eliminar l\u00edquids. Cont\u00e9 gran quantitat de vitamina C i \u00e9s un potent antioxidant, a m\u00e9s de molt digestiva.<\/p>\n\n\n\n<p id=\"346450\"><strong>Gelat de Nectarina<\/strong><\/p>\n\n\n\n<p id=\"557957\">Ingredients:<\/p>\n\n\n\n<p id=\"498790\">500ml de nata l\u00edquida per muntar<\/p>\n\n\n\n<p id=\"182977\">400ml de llet condensada<\/p>\n\n\n\n<p id=\"515348\">6 nectarines madures<\/p>\n\n\n\n<p id=\"285150\">Elaboraci\u00f3:<\/p>\n\n\n\n<p id=\"490829\">Primer preparem la fruita pelant-la i tallant-la a trossets. La batem perqu\u00e8 quedi fina.<\/p>\n\n\n\n<p id=\"836027\">En un bol hi afegim la fruita triturada i la llet condensada, barregem b\u00e9 perqu\u00e8 quedi ben integrat.<\/p>\n\n\n\n<p id=\"418340\">En un bol a part i molt fred muntem la nata, un cop muntada, afegim la barreja que ten\u00edem preparada, barregem molt b\u00e9 i ho fiquem al congelador durant almenys mitja hora abans de servir.<\/p>\n\n\n\n<p id=\"912292\">Si vols pots acompanyar amb uns trossets de fruita fresca que donar\u00e0 un toc de color al plat.<\/p>\n","protected":false},"excerpt":{"rendered":"<p>La nectarina \u00e9s una fruita que est\u00e0 en plena temporada de recol\u00b7lecci\u00f3. Amb ella podem fer riques receptes tan saboroses i fresques com aquesta. La nectarina \u00e9s una fruita caracter\u00edstica de l\u00e8poca estival. \u00c9s una gran font de minerals com potassi, fosfor, magnesi, calci, sodi, ferro, zinc, iode i seleni. Per aix\u00f2 \u00e9s beneficiosa per [&hellip;]<\/p>\n","protected":false},"author":1,"featured_media":1686,"comment_status":"open","ping_status":"open","sticky":false,"template":"","format":"standard","meta":{"footnotes":""},"categories":[87],"tags":[88],"class_list":["post-2062","post","type-post","status-publish","format-standard","has-post-thumbnail","hentry","category-receptes","tag-nectarina-ca"],"yoast_head":"<!-- This site is optimized with the Yoast SEO plugin v27.5 - https:\/\/yoast.com\/product\/yoast-seo-wordpress\/ -->\n<title>Gelat de nectarina ecol\u00f2gica - Buenas hasta el hueso<\/title>\n<meta name=\"robots\" content=\"index, follow, max-snippet:-1, max-image-preview:large, max-video-preview:-1\" \/>\n<link rel=\"canonical\" href=\"https:\/\/buenashastaelhueso.es\/gelat-de-nectarina-ecologica\" \/>\n<meta property=\"og:locale\" content=\"ca_ES\" \/>\n<meta property=\"og:type\" content=\"article\" \/>\n<meta property=\"og:title\" content=\"Gelat de nectarina ecol\u00f2gica - Buenas hasta el hueso\" \/>\n<meta property=\"og:description\" content=\"La nectarina \u00e9s una fruita que est\u00e0 en plena temporada de recol\u00b7lecci\u00f3. Amb ella podem fer riques receptes tan saboroses i fresques com aquesta. La nectarina \u00e9s una fruita caracter\u00edstica de l\u00e8poca estival. \u00c9s una gran font de minerals com potassi, fosfor, magnesi, calci, sodi, ferro, zinc, iode i seleni. Per aix\u00f2 \u00e9s beneficiosa per [&hellip;]\" \/>\n<meta property=\"og:url\" content=\"https:\/\/buenashastaelhueso.es\/gelat-de-nectarina-ecologica\" \/>\n<meta property=\"og:site_name\" content=\"Buenas hasta el hueso\" \/>\n<meta property=\"article:publisher\" content=\"https:\/\/www.facebook.com\/buenashastaelhueso\" \/>\n<meta property=\"article:published_time\" content=\"2023-04-19T15:41:02+00:00\" \/>\n<meta property=\"og:image\" content=\"https:\/\/buenashastaelhueso.es\/wp-content\/uploads\/2023\/05\/Buenas-Hasta-el-Hueso_logo.jpg\" \/>\n\t<meta property=\"og:image:width\" content=\"1200\" \/>\n\t<meta property=\"og:image:height\" content=\"675\" \/>\n\t<meta property=\"og:image:type\" content=\"image\/jpeg\" \/>\n<meta name=\"author\" content=\"Adminverabril\" \/>\n<meta name=\"twitter:card\" content=\"summary_large_image\" \/>\n<meta name=\"twitter:creator\" content=\"@Fruta_de_Hueso\" \/>\n<meta name=\"twitter:site\" content=\"@Fruta_de_Hueso\" \/>\n<meta name=\"twitter:label1\" content=\"Escrit per\" \/>\n\t<meta name=\"twitter:data1\" content=\"Adminverabril\" \/>\n\t<meta name=\"twitter:label2\" content=\"Temps estimat de lectura\" \/>\n\t<meta name=\"twitter:data2\" content=\"1 minut\" \/>\n<script type=\"application\/ld+json\" class=\"yoast-schema-graph\">{\"@context\":\"https:\\\/\\\/schema.org\",\"@graph\":[{\"@type\":\"Article\",\"@id\":\"https:\\\/\\\/buenashastaelhueso.es\\\/gelat-de-nectarina-ecologica#article\",\"isPartOf\":{\"@id\":\"https:\\\/\\\/buenashastaelhueso.es\\\/gelat-de-nectarina-ecologica\"},\"author\":{\"name\":\"Adminverabril\",\"@id\":\"https:\\\/\\\/buenashastaelhueso.es\\\/#\\\/schema\\\/person\\\/32e7987c8f268985fdbd7d1e95a3e895\"},\"headline\":\"Gelat de nectarina ecol\u00f2gica\",\"datePublished\":\"2023-04-19T15:41:02+00:00\",\"mainEntityOfPage\":{\"@id\":\"https:\\\/\\\/buenashastaelhueso.es\\\/gelat-de-nectarina-ecologica\"},\"wordCount\":199,\"commentCount\":0,\"publisher\":{\"@id\":\"https:\\\/\\\/buenashastaelhueso.es\\\/#organization\"},\"image\":{\"@id\":\"https:\\\/\\\/buenashastaelhueso.es\\\/gelat-de-nectarina-ecologica#primaryimage\"},\"thumbnailUrl\":\"https:\\\/\\\/buenashastaelhueso.es\\\/wp-content\\\/uploads\\\/2023\\\/04\\\/HELADO_DE_NECTARINA-1.jpg.1920x1920_q85-1.jpg\",\"keywords\":[\"nectarina\"],\"articleSection\":[\"Receptes\"],\"inLanguage\":\"ca\",\"potentialAction\":[{\"@type\":\"CommentAction\",\"name\":\"Comment\",\"target\":[\"https:\\\/\\\/buenashastaelhueso.es\\\/gelat-de-nectarina-ecologica#respond\"]}]},{\"@type\":\"WebPage\",\"@id\":\"https:\\\/\\\/buenashastaelhueso.es\\\/gelat-de-nectarina-ecologica\",\"url\":\"https:\\\/\\\/buenashastaelhueso.es\\\/gelat-de-nectarina-ecologica\",\"name\":\"Gelat de nectarina ecol\u00f2gica - Buenas hasta el hueso\",\"isPartOf\":{\"@id\":\"https:\\\/\\\/buenashastaelhueso.es\\\/#website\"},\"primaryImageOfPage\":{\"@id\":\"https:\\\/\\\/buenashastaelhueso.es\\\/gelat-de-nectarina-ecologica#primaryimage\"},\"image\":{\"@id\":\"https:\\\/\\\/buenashastaelhueso.es\\\/gelat-de-nectarina-ecologica#primaryimage\"},\"thumbnailUrl\":\"https:\\\/\\\/buenashastaelhueso.es\\\/wp-content\\\/uploads\\\/2023\\\/04\\\/HELADO_DE_NECTARINA-1.jpg.1920x1920_q85-1.jpg\",\"datePublished\":\"2023-04-19T15:41:02+00:00\",\"breadcrumb\":{\"@id\":\"https:\\\/\\\/buenashastaelhueso.es\\\/gelat-de-nectarina-ecologica#breadcrumb\"},\"inLanguage\":\"ca\",\"potentialAction\":[{\"@type\":\"ReadAction\",\"target\":[\"https:\\\/\\\/buenashastaelhueso.es\\\/gelat-de-nectarina-ecologica\"]}]},{\"@type\":\"ImageObject\",\"inLanguage\":\"ca\",\"@id\":\"https:\\\/\\\/buenashastaelhueso.es\\\/gelat-de-nectarina-ecologica#primaryimage\",\"url\":\"https:\\\/\\\/buenashastaelhueso.es\\\/wp-content\\\/uploads\\\/2023\\\/04\\\/HELADO_DE_NECTARINA-1.jpg.1920x1920_q85-1.jpg\",\"contentUrl\":\"https:\\\/\\\/buenashastaelhueso.es\\\/wp-content\\\/uploads\\\/2023\\\/04\\\/HELADO_DE_NECTARINA-1.jpg.1920x1920_q85-1.jpg\",\"width\":960,\"height\":540},{\"@type\":\"BreadcrumbList\",\"@id\":\"https:\\\/\\\/buenashastaelhueso.es\\\/gelat-de-nectarina-ecologica#breadcrumb\",\"itemListElement\":[{\"@type\":\"ListItem\",\"position\":1,\"name\":\"Portada\",\"item\":\"https:\\\/\\\/buenashastaelhueso.es\\\/\"},{\"@type\":\"ListItem\",\"position\":2,\"name\":\"Gelat de nectarina ecol\u00f2gica\"}]},{\"@type\":\"WebSite\",\"@id\":\"https:\\\/\\\/buenashastaelhueso.es\\\/#website\",\"url\":\"https:\\\/\\\/buenashastaelhueso.es\\\/\",\"name\":\"Buenas Hasta el Hueso\",\"description\":\"Melocot\u00f3n, cereza, albaricoque, ciruela, nectarina, paraguayo... Las frutas de hueso son todo sabor, \u00a1y muy sanas! Descubre Buenas Hasta El Hueso\",\"publisher\":{\"@id\":\"https:\\\/\\\/buenashastaelhueso.es\\\/#organization\"},\"potentialAction\":[{\"@type\":\"SearchAction\",\"target\":{\"@type\":\"EntryPoint\",\"urlTemplate\":\"https:\\\/\\\/buenashastaelhueso.es\\\/?s={search_term_string}\"},\"query-input\":{\"@type\":\"PropertyValueSpecification\",\"valueRequired\":true,\"valueName\":\"search_term_string\"}}],\"inLanguage\":\"ca\"},{\"@type\":\"Organization\",\"@id\":\"https:\\\/\\\/buenashastaelhueso.es\\\/#organization\",\"name\":\"Buenas Hasta el Hueso\",\"url\":\"https:\\\/\\\/buenashastaelhueso.es\\\/\",\"logo\":{\"@type\":\"ImageObject\",\"inLanguage\":\"ca\",\"@id\":\"https:\\\/\\\/buenashastaelhueso.es\\\/#\\\/schema\\\/logo\\\/image\\\/\",\"url\":\"https:\\\/\\\/buenashastaelhueso.es\\\/wp-content\\\/uploads\\\/2023\\\/05\\\/LOGO_2_JPEG.jpg\",\"contentUrl\":\"https:\\\/\\\/buenashastaelhueso.es\\\/wp-content\\\/uploads\\\/2023\\\/05\\\/LOGO_2_JPEG.jpg\",\"width\":1080,\"height\":1080,\"caption\":\"Buenas Hasta el Hueso\"},\"image\":{\"@id\":\"https:\\\/\\\/buenashastaelhueso.es\\\/#\\\/schema\\\/logo\\\/image\\\/\"},\"sameAs\":[\"https:\\\/\\\/www.facebook.com\\\/buenashastaelhueso\",\"https:\\\/\\\/x.com\\\/Fruta_de_Hueso\",\"https:\\\/\\\/www.instagram.com\\\/buenashastaelhueso\",\"https:\\\/\\\/www.youtube.com\\\/channel\\\/UCGcztHmqo_HxpsbEO2i-8gw\",\"https:\\\/\\\/www.tiktok.com\\\/@buenashastaelhueso\"]},{\"@type\":\"Person\",\"@id\":\"https:\\\/\\\/buenashastaelhueso.es\\\/#\\\/schema\\\/person\\\/32e7987c8f268985fdbd7d1e95a3e895\",\"name\":\"Adminverabril\",\"image\":{\"@type\":\"ImageObject\",\"inLanguage\":\"ca\",\"@id\":\"https:\\\/\\\/secure.gravatar.com\\\/avatar\\\/d7221e37c27fddd2b3ead0d5cc83af48521b4a8354cb0c62701db9702af43f82?s=96&d=mm&r=g\",\"url\":\"https:\\\/\\\/secure.gravatar.com\\\/avatar\\\/d7221e37c27fddd2b3ead0d5cc83af48521b4a8354cb0c62701db9702af43f82?s=96&d=mm&r=g\",\"contentUrl\":\"https:\\\/\\\/secure.gravatar.com\\\/avatar\\\/d7221e37c27fddd2b3ead0d5cc83af48521b4a8354cb0c62701db9702af43f82?s=96&d=mm&r=g\",\"caption\":\"Adminverabril\"},\"sameAs\":[\"http:\\\/\\\/buenashastaelhueso.es\"],\"url\":\"https:\\\/\\\/buenashastaelhueso.es\\\/ca\\\/author\\\/adminverabril\"}]}<\/script>\n<!-- \/ Yoast SEO plugin. -->","yoast_head_json":{"title":"Gelat de nectarina ecol\u00f2gica - Buenas hasta el hueso","robots":{"index":"index","follow":"follow","max-snippet":"max-snippet:-1","max-image-preview":"max-image-preview:large","max-video-preview":"max-video-preview:-1"},"canonical":"https:\/\/buenashastaelhueso.es\/gelat-de-nectarina-ecologica","og_locale":"ca_ES","og_type":"article","og_title":"Gelat de nectarina ecol\u00f2gica - Buenas hasta el hueso","og_description":"La nectarina \u00e9s una fruita que est\u00e0 en plena temporada de recol\u00b7lecci\u00f3. Amb ella podem fer riques receptes tan saboroses i fresques com aquesta. La nectarina \u00e9s una fruita caracter\u00edstica de l\u00e8poca estival. \u00c9s una gran font de minerals com potassi, fosfor, magnesi, calci, sodi, ferro, zinc, iode i seleni. Per aix\u00f2 \u00e9s beneficiosa per [&hellip;]","og_url":"https:\/\/buenashastaelhueso.es\/gelat-de-nectarina-ecologica","og_site_name":"Buenas hasta el hueso","article_publisher":"https:\/\/www.facebook.com\/buenashastaelhueso","article_published_time":"2023-04-19T15:41:02+00:00","og_image":[{"width":1200,"height":675,"url":"https:\/\/buenashastaelhueso.es\/wp-content\/uploads\/2023\/05\/Buenas-Hasta-el-Hueso_logo.jpg","type":"image\/jpeg"}],"author":"Adminverabril","twitter_card":"summary_large_image","twitter_creator":"@Fruta_de_Hueso","twitter_site":"@Fruta_de_Hueso","twitter_misc":{"Escrit per":"Adminverabril","Temps estimat de lectura":"1 minut"},"schema":{"@context":"https:\/\/schema.org","@graph":[{"@type":"Article","@id":"https:\/\/buenashastaelhueso.es\/gelat-de-nectarina-ecologica#article","isPartOf":{"@id":"https:\/\/buenashastaelhueso.es\/gelat-de-nectarina-ecologica"},"author":{"name":"Adminverabril","@id":"https:\/\/buenashastaelhueso.es\/#\/schema\/person\/32e7987c8f268985fdbd7d1e95a3e895"},"headline":"Gelat de nectarina ecol\u00f2gica","datePublished":"2023-04-19T15:41:02+00:00","mainEntityOfPage":{"@id":"https:\/\/buenashastaelhueso.es\/gelat-de-nectarina-ecologica"},"wordCount":199,"commentCount":0,"publisher":{"@id":"https:\/\/buenashastaelhueso.es\/#organization"},"image":{"@id":"https:\/\/buenashastaelhueso.es\/gelat-de-nectarina-ecologica#primaryimage"},"thumbnailUrl":"https:\/\/buenashastaelhueso.es\/wp-content\/uploads\/2023\/04\/HELADO_DE_NECTARINA-1.jpg.1920x1920_q85-1.jpg","keywords":["nectarina"],"articleSection":["Receptes"],"inLanguage":"ca","potentialAction":[{"@type":"CommentAction","name":"Comment","target":["https:\/\/buenashastaelhueso.es\/gelat-de-nectarina-ecologica#respond"]}]},{"@type":"WebPage","@id":"https:\/\/buenashastaelhueso.es\/gelat-de-nectarina-ecologica","url":"https:\/\/buenashastaelhueso.es\/gelat-de-nectarina-ecologica","name":"Gelat de nectarina ecol\u00f2gica - Buenas hasta el hueso","isPartOf":{"@id":"https:\/\/buenashastaelhueso.es\/#website"},"primaryImageOfPage":{"@id":"https:\/\/buenashastaelhueso.es\/gelat-de-nectarina-ecologica#primaryimage"},"image":{"@id":"https:\/\/buenashastaelhueso.es\/gelat-de-nectarina-ecologica#primaryimage"},"thumbnailUrl":"https:\/\/buenashastaelhueso.es\/wp-content\/uploads\/2023\/04\/HELADO_DE_NECTARINA-1.jpg.1920x1920_q85-1.jpg","datePublished":"2023-04-19T15:41:02+00:00","breadcrumb":{"@id":"https:\/\/buenashastaelhueso.es\/gelat-de-nectarina-ecologica#breadcrumb"},"inLanguage":"ca","potentialAction":[{"@type":"ReadAction","target":["https:\/\/buenashastaelhueso.es\/gelat-de-nectarina-ecologica"]}]},{"@type":"ImageObject","inLanguage":"ca","@id":"https:\/\/buenashastaelhueso.es\/gelat-de-nectarina-ecologica#primaryimage","url":"https:\/\/buenashastaelhueso.es\/wp-content\/uploads\/2023\/04\/HELADO_DE_NECTARINA-1.jpg.1920x1920_q85-1.jpg","contentUrl":"https:\/\/buenashastaelhueso.es\/wp-content\/uploads\/2023\/04\/HELADO_DE_NECTARINA-1.jpg.1920x1920_q85-1.jpg","width":960,"height":540},{"@type":"BreadcrumbList","@id":"https:\/\/buenashastaelhueso.es\/gelat-de-nectarina-ecologica#breadcrumb","itemListElement":[{"@type":"ListItem","position":1,"name":"Portada","item":"https:\/\/buenashastaelhueso.es\/"},{"@type":"ListItem","position":2,"name":"Gelat de nectarina ecol\u00f2gica"}]},{"@type":"WebSite","@id":"https:\/\/buenashastaelhueso.es\/#website","url":"https:\/\/buenashastaelhueso.es\/","name":"Buenas Hasta el Hueso","description":"Melocot\u00f3n, cereza, albaricoque, ciruela, nectarina, paraguayo... Las frutas de hueso son todo sabor, \u00a1y muy sanas! Descubre Buenas Hasta El Hueso","publisher":{"@id":"https:\/\/buenashastaelhueso.es\/#organization"},"potentialAction":[{"@type":"SearchAction","target":{"@type":"EntryPoint","urlTemplate":"https:\/\/buenashastaelhueso.es\/?s={search_term_string}"},"query-input":{"@type":"PropertyValueSpecification","valueRequired":true,"valueName":"search_term_string"}}],"inLanguage":"ca"},{"@type":"Organization","@id":"https:\/\/buenashastaelhueso.es\/#organization","name":"Buenas Hasta el Hueso","url":"https:\/\/buenashastaelhueso.es\/","logo":{"@type":"ImageObject","inLanguage":"ca","@id":"https:\/\/buenashastaelhueso.es\/#\/schema\/logo\/image\/","url":"https:\/\/buenashastaelhueso.es\/wp-content\/uploads\/2023\/05\/LOGO_2_JPEG.jpg","contentUrl":"https:\/\/buenashastaelhueso.es\/wp-content\/uploads\/2023\/05\/LOGO_2_JPEG.jpg","width":1080,"height":1080,"caption":"Buenas Hasta el Hueso"},"image":{"@id":"https:\/\/buenashastaelhueso.es\/#\/schema\/logo\/image\/"},"sameAs":["https:\/\/www.facebook.com\/buenashastaelhueso","https:\/\/x.com\/Fruta_de_Hueso","https:\/\/www.instagram.com\/buenashastaelhueso","https:\/\/www.youtube.com\/channel\/UCGcztHmqo_HxpsbEO2i-8gw","https:\/\/www.tiktok.com\/@buenashastaelhueso"]},{"@type":"Person","@id":"https:\/\/buenashastaelhueso.es\/#\/schema\/person\/32e7987c8f268985fdbd7d1e95a3e895","name":"Adminverabril","image":{"@type":"ImageObject","inLanguage":"ca","@id":"https:\/\/secure.gravatar.com\/avatar\/d7221e37c27fddd2b3ead0d5cc83af48521b4a8354cb0c62701db9702af43f82?s=96&d=mm&r=g","url":"https:\/\/secure.gravatar.com\/avatar\/d7221e37c27fddd2b3ead0d5cc83af48521b4a8354cb0c62701db9702af43f82?s=96&d=mm&r=g","contentUrl":"https:\/\/secure.gravatar.com\/avatar\/d7221e37c27fddd2b3ead0d5cc83af48521b4a8354cb0c62701db9702af43f82?s=96&d=mm&r=g","caption":"Adminverabril"},"sameAs":["http:\/\/buenashastaelhueso.es"],"url":"https:\/\/buenashastaelhueso.es\/ca\/author\/adminverabril"}]}},"_links":{"self":[{"href":"https:\/\/buenashastaelhueso.es\/ca\/wp-json\/wp\/v2\/posts\/2062","targetHints":{"allow":["GET"]}}],"collection":[{"href":"https:\/\/buenashastaelhueso.es\/ca\/wp-json\/wp\/v2\/posts"}],"about":[{"href":"https:\/\/buenashastaelhueso.es\/ca\/wp-json\/wp\/v2\/types\/post"}],"author":[{"embeddable":true,"href":"https:\/\/buenashastaelhueso.es\/ca\/wp-json\/wp\/v2\/users\/1"}],"replies":[{"embeddable":true,"href":"https:\/\/buenashastaelhueso.es\/ca\/wp-json\/wp\/v2\/comments?post=2062"}],"version-history":[{"count":0,"href":"https:\/\/buenashastaelhueso.es\/ca\/wp-json\/wp\/v2\/posts\/2062\/revisions"}],"wp:featuredmedia":[{"embeddable":true,"href":"https:\/\/buenashastaelhueso.es\/ca\/wp-json\/wp\/v2\/media\/1686"}],"wp:attachment":[{"href":"https:\/\/buenashastaelhueso.es\/ca\/wp-json\/wp\/v2\/media?parent=2062"}],"wp:term":[{"taxonomy":"category","embeddable":true,"href":"https:\/\/buenashastaelhueso.es\/ca\/wp-json\/wp\/v2\/categories?post=2062"},{"taxonomy":"post_tag","embeddable":true,"href":"https:\/\/buenashastaelhueso.es\/ca\/wp-json\/wp\/v2\/tags?post=2062"}],"curies":[{"name":"wp","href":"https:\/\/api.w.org\/{rel}","templated":true}]}}