{"id":2057,"date":"2023-05-03T10:46:10","date_gmt":"2023-05-03T10:46:10","guid":{"rendered":"https:\/\/buenashastaelhueso.es\/la-iniciativa-buenas-hasta-el-os-anima-a-gaudir-de-la-fruita-dos-de-cooperatives-espanyoles-de-temporada-natural-i-saludable"},"modified":"2023-05-03T10:46:10","modified_gmt":"2023-05-03T10:46:10","slug":"la-iniciativa-buenas-hasta-el-os-anima-a-gaudir-de-la-fruita-dos-de-cooperatives-espanyoles-de-temporada-natural-i-saludable","status":"publish","type":"post","link":"https:\/\/buenashastaelhueso.es\/ca\/la-iniciativa-buenas-hasta-el-os-anima-a-gaudir-de-la-fruita-dos-de-cooperatives-espanyoles-de-temporada-natural-i-saludable","title":{"rendered":"La iniciativa &#8216;Buenas hasta el Os&#8217; anima a gaudir de la &#8220;fruita d&#8217;os de cooperatives espanyoles, de temporada, natural i saludable&#8221;"},"content":{"rendered":"\n<p><em>Cooperatives Agroaliment\u00e0ries d&#8217;Espanya i les federacions regionals de M\u00farcia, Arag\u00f3, Comunitat Valenciana i Catalunya llancen una campanya amb l&#8217;objectiu de fomentar el consum de la fruita de pinyol entre els consumidors i difondre&#8217;n les bondats com a font de vitamines i de salut<\/em><\/p>\n\n\n\n<p>Les cooperatives productores de fruita de pinyol, principalment <strong>pr\u00e9ssecs<\/strong> , <strong>nectarines<\/strong> , <strong>albercocs<\/strong> , <strong>prunes<\/strong> , <strong>paraguaians<\/strong> i <strong>cireres<\/strong> , llancen a partir del dia 5 de maig la campanya &#8216; <strong>Bones Fins a l&#8217;Os<\/strong> &#8216;, amb l&#8217;objectiu de fomentar el seu consum i difondre les seves bondats com <strong>font de vitamines<\/strong> i de <strong>salut<\/strong> .<\/p>\n\n\n\n<h3 class=\"wp-block-heading\">Fruita de pinyol de temporada<\/h3>\n\n\n\n<p>Aix\u00ed, les fruites de temporada s\u00f3n les protagonistes d&#8217;aquesta iniciativa, &#8221; <em>on es presenten com l&#8217;opci\u00f3 m\u00e9s fresca i sucosa per fer front a l&#8217;estiu<\/em> &#8220;, assenyalen des de <strong><a href=\"https:\/\/www.agro-alimentarias.coop\/\" target=\"_blank\" rel=\"noreferrer noopener\">Cooperatives Agroaliment\u00e0ries d&#8217;Espanya<\/a><\/strong> i les federacions regionals de <a href=\"https:\/\/fecoam.es\/\" target=\"_blank\" rel=\"noreferrer noopener\"><strong>M\u00farcia<\/strong><\/a> , <strong><a href=\"https:\/\/faca.es\/\" target=\"_blank\" rel=\"noreferrer noopener\">Arag\u00f3<\/a><\/strong> , <strong><a href=\"http:\/\/www.cooperativesagroalimentariescv.com\/\">Comunitat Valenciana<\/a><\/strong> i <strong><a href=\"https:\/\/www.cooperativesagraries.cat\/ca\/hemeroteca.html\" target=\"_blank\" rel=\"noreferrer noopener\">Catalunya<\/a><\/strong> . Com destaquen, \u201c <em>el seu alt contingut en vitamines i minerals, i els seus beneficis per a la salut fan de les fruites de pinyol les millors aliades per a una dieta saludable<\/em> \u201d.<\/p>\n\n\n\n<p>La campanya &#8216; <strong>Bones Fins a l&#8217;Os<\/strong> &#8216; \u200b\u200bes desenvolupar\u00e0 principalment en xarxes socials, des del maig fins a finals de setembre, i difondr\u00e0 els beneficis del <strong>consum de fruita<\/strong> i el paper dels <strong>agricultors<\/strong> i les seves cooperatives per oferir als consumidors <strong>aliments sans i segurs, propers , i produ\u00efts de forma sostenible<\/strong> , recolzant l&#8217; <strong>economia del medi rural<\/strong> i el <strong>futur dels milers d&#8217;explotacions familiars<\/strong> que viuen als nostres pobles.<\/p>\n\n\n\n<h3 class=\"wp-block-heading\">Descobreix els perfils a les xarxes socials<\/h3>\n\n\n\n<p>Compte amb una p\u00e0gina web, <strong><a href=\"\/\" target=\"_blank\" rel=\"noreferrer noopener\">www.buenashastaelhueso.es<\/a><\/strong> , on tots els consumidors podran trobar des d&#8217;una detallada informaci\u00f3 de les caracter\u00edstiques de cadascuna d&#8217;aquestes fruites, fins a receptes saludables o dades de les cooperatives productores i els seus agricultors.<\/p>\n\n\n\n<p>A m\u00e9s, est\u00e0 previst que tot el material audiovisual de la campanya sigui dif\u00f3s a trav\u00e9s de les principals plataformes i xarxes socials com <strong><a href=\"https:\/\/www.instagram.com\/buenashastaelhueso\/\" target=\"_blank\" rel=\"noreferrer noopener\">Instagram<\/a><\/strong> , <strong><a href=\"https:\/\/www.facebook.com\/buenashastaelhueso\" target=\"_blank\" rel=\"noreferrer noopener\">Facebook<\/a><\/strong> , <a href=\"https:\/\/twitter.com\/Fruta_de_Hueso\" target=\"_blank\" rel=\"noreferrer noopener\"><strong>Twitter<\/strong><\/a> o <strong><a href=\"https:\/\/www.youtube.com\/channel\/UCGcztHmqo_HxpsbEO2i-8gw\" target=\"_blank\" rel=\"noreferrer noopener\">YouTube<\/a><\/strong> .<\/p>\n\n\n\n<p>Des de les Cooperatives Agroaliment\u00e0ries animen tots els consumidors a que &#8221; <em>descobreixin i s&#8217;uneixin a aquesta campanya, perqu\u00e8 les fruites de pinyol ocupin el lloc que mereixen a les llars espanyoles<\/em> &#8220;, a m\u00e9s de &#8221; <em>viure un estiu ple de salut i benestar , gaudint alimentant &#8211; se d&#8217; una manera totalment sana i natural<\/em> &#8221; amb el consum de les <strong>fruites de pinyol de temporada<\/strong> .<\/p>\n","protected":false},"excerpt":{"rendered":"<p>Cooperatives Agroaliment\u00e0ries d&#8217;Espanya i les federacions regionals de M\u00farcia, Arag\u00f3, Comunitat Valenciana i Catalunya llancen una campanya amb l&#8217;objectiu de fomentar-ne el consum entre els consumidors i difondre&#8217;n les bondats com a font de vitamines i de salut.<\/p>\n","protected":false},"author":1,"featured_media":1766,"comment_status":"open","ping_status":"open","sticky":false,"template":"","format":"standard","meta":{"footnotes":""},"categories":[119],"tags":[100,120,93,122,123,126,121,124,125,130,88,101,99,102,129,128,127],"class_list":["post-2057","post","type-post","status-publish","format-standard","has-post-thumbnail","hentry","category-noticies","tag-albercoc","tag-bones-fins-a-los","tag-cirera","tag-cooperatives-agro-alimentaries-comunitat-valenciana-ca","tag-cooperatives-agroalimentaries-darago","tag-cooperatives-agroalimentaries-despanya","tag-fecoam-ca","tag-federacio-de-cooperatives-agraries-de-catalunya-ca","tag-federacio-de-cooperatives-agraries-de-murcia","tag-fruita-de-pinyol","tag-nectarina-ca","tag-paraguaia","tag-pressec","tag-pruna","tag-sabor-ca","tag-saludable-ca","tag-salut"],"yoast_head":"<!-- This site is optimized with the Yoast SEO plugin v27.5 - https:\/\/yoast.com\/product\/yoast-seo-wordpress\/ -->\n<title>Fruita de pinyol - Descobreix la iniciativa &quot;Bones Fins a l&#039;Os&quot;<\/title>\n<meta name=\"description\" content=\"La iniciativa &#039;Buenas hasta el Os&#039; anima a gaudir de la &quot;fruita d&#039;os de cooperatives espanyoles, de temporada, natural i saludable&quot;\" \/>\n<meta name=\"robots\" content=\"index, follow, max-snippet:-1, max-image-preview:large, max-video-preview:-1\" \/>\n<link rel=\"canonical\" href=\"https:\/\/buenashastaelhueso.es\/ca\/la-iniciativa-buenas-hasta-el-os-anima-a-gaudir-de-la-fruita-dos-de-cooperatives-espanyoles-de-temporada-natural-i-saludable\" \/>\n<meta property=\"og:locale\" content=\"ca_ES\" \/>\n<meta property=\"og:type\" content=\"article\" \/>\n<meta property=\"og:title\" content=\"Fruita de pinyol - Descobreix la iniciativa &quot;Bones Fins a l&#039;Os&quot;\" \/>\n<meta property=\"og:description\" content=\"La iniciativa &#039;Buenas hasta el Os&#039; anima a gaudir de la &quot;fruita d&#039;os de cooperatives espanyoles, de temporada, natural i saludable&quot;\" \/>\n<meta property=\"og:url\" content=\"https:\/\/buenashastaelhueso.es\/ca\/la-iniciativa-buenas-hasta-el-os-anima-a-gaudir-de-la-fruita-dos-de-cooperatives-espanyoles-de-temporada-natural-i-saludable\" \/>\n<meta property=\"og:site_name\" content=\"Buenas hasta el hueso\" \/>\n<meta property=\"article:publisher\" content=\"https:\/\/www.facebook.com\/buenashastaelhueso\" \/>\n<meta property=\"article:published_time\" content=\"2023-05-03T10:46:10+00:00\" \/>\n<meta property=\"og:image\" content=\"https:\/\/buenashastaelhueso.es\/wp-content\/uploads\/2023\/05\/GRAFICA-REFERENCIA_5_b.png\" \/>\n\t<meta property=\"og:image:width\" content=\"1200\" \/>\n\t<meta property=\"og:image:height\" content=\"628\" \/>\n\t<meta property=\"og:image:type\" content=\"image\/png\" \/>\n<meta name=\"author\" content=\"Adminverabril\" \/>\n<meta name=\"twitter:card\" content=\"summary_large_image\" \/>\n<meta name=\"twitter:creator\" content=\"@Fruta_de_Hueso\" \/>\n<meta name=\"twitter:site\" content=\"@Fruta_de_Hueso\" \/>\n<meta name=\"twitter:label1\" content=\"Escrit per\" \/>\n\t<meta name=\"twitter:data1\" content=\"Adminverabril\" \/>\n\t<meta name=\"twitter:label2\" content=\"Temps estimat de lectura\" \/>\n\t<meta name=\"twitter:data2\" content=\"2 minuts\" \/>\n<script type=\"application\/ld+json\" class=\"yoast-schema-graph\">{\"@context\":\"https:\\\/\\\/schema.org\",\"@graph\":[{\"@type\":\"Article\",\"@id\":\"https:\\\/\\\/buenashastaelhueso.es\\\/ca\\\/la-iniciativa-buenas-hasta-el-os-anima-a-gaudir-de-la-fruita-dos-de-cooperatives-espanyoles-de-temporada-natural-i-saludable#article\",\"isPartOf\":{\"@id\":\"https:\\\/\\\/buenashastaelhueso.es\\\/ca\\\/la-iniciativa-buenas-hasta-el-os-anima-a-gaudir-de-la-fruita-dos-de-cooperatives-espanyoles-de-temporada-natural-i-saludable\"},\"author\":{\"name\":\"Adminverabril\",\"@id\":\"https:\\\/\\\/buenashastaelhueso.es\\\/#\\\/schema\\\/person\\\/32e7987c8f268985fdbd7d1e95a3e895\"},\"headline\":\"La iniciativa &#8216;Buenas hasta el Os&#8217; anima a gaudir de la &#8220;fruita d&#8217;os de cooperatives espanyoles, de temporada, natural i saludable&#8221;\",\"datePublished\":\"2023-05-03T10:46:10+00:00\",\"mainEntityOfPage\":{\"@id\":\"https:\\\/\\\/buenashastaelhueso.es\\\/ca\\\/la-iniciativa-buenas-hasta-el-os-anima-a-gaudir-de-la-fruita-dos-de-cooperatives-espanyoles-de-temporada-natural-i-saludable\"},\"wordCount\":426,\"commentCount\":0,\"publisher\":{\"@id\":\"https:\\\/\\\/buenashastaelhueso.es\\\/#organization\"},\"image\":{\"@id\":\"https:\\\/\\\/buenashastaelhueso.es\\\/ca\\\/la-iniciativa-buenas-hasta-el-os-anima-a-gaudir-de-la-fruita-dos-de-cooperatives-espanyoles-de-temporada-natural-i-saludable#primaryimage\"},\"thumbnailUrl\":\"https:\\\/\\\/buenashastaelhueso.es\\\/wp-content\\\/uploads\\\/2023\\\/05\\\/GRAFICA-REFERENCIA_5_b.png\",\"keywords\":[\"albercoc\",\"bones fins a l'os\",\"cirera\",\"Cooperatives Agro-aliment\u00e0ries Comunitat Valenciana\",\"Cooperatives Agroaliment\u00e0ries d'Arag\u00f3\",\"Cooperatives Agroaliment\u00e0ries d'Espanya\",\"fecoam\",\"Federaci\u00f3 de Cooperatives Agr\u00e0ries de Catalunya\",\"Federaci\u00f3 de Cooperatives Agr\u00e0ries de M\u00farcia\",\"fruita de pinyol\",\"nectarina\",\"paraguai\u00e0\",\"pr\u00e9ssec\",\"pruna\",\"sabor\",\"saludable\",\"salut\"],\"articleSection\":[\"Not\u00edcies\"],\"inLanguage\":\"ca\",\"potentialAction\":[{\"@type\":\"CommentAction\",\"name\":\"Comment\",\"target\":[\"https:\\\/\\\/buenashastaelhueso.es\\\/ca\\\/la-iniciativa-buenas-hasta-el-os-anima-a-gaudir-de-la-fruita-dos-de-cooperatives-espanyoles-de-temporada-natural-i-saludable#respond\"]}]},{\"@type\":\"WebPage\",\"@id\":\"https:\\\/\\\/buenashastaelhueso.es\\\/ca\\\/la-iniciativa-buenas-hasta-el-os-anima-a-gaudir-de-la-fruita-dos-de-cooperatives-espanyoles-de-temporada-natural-i-saludable\",\"url\":\"https:\\\/\\\/buenashastaelhueso.es\\\/ca\\\/la-iniciativa-buenas-hasta-el-os-anima-a-gaudir-de-la-fruita-dos-de-cooperatives-espanyoles-de-temporada-natural-i-saludable\",\"name\":\"Fruita de pinyol - Descobreix la iniciativa \\\"Bones Fins a l'Os\\\"\",\"isPartOf\":{\"@id\":\"https:\\\/\\\/buenashastaelhueso.es\\\/#website\"},\"primaryImageOfPage\":{\"@id\":\"https:\\\/\\\/buenashastaelhueso.es\\\/ca\\\/la-iniciativa-buenas-hasta-el-os-anima-a-gaudir-de-la-fruita-dos-de-cooperatives-espanyoles-de-temporada-natural-i-saludable#primaryimage\"},\"image\":{\"@id\":\"https:\\\/\\\/buenashastaelhueso.es\\\/ca\\\/la-iniciativa-buenas-hasta-el-os-anima-a-gaudir-de-la-fruita-dos-de-cooperatives-espanyoles-de-temporada-natural-i-saludable#primaryimage\"},\"thumbnailUrl\":\"https:\\\/\\\/buenashastaelhueso.es\\\/wp-content\\\/uploads\\\/2023\\\/05\\\/GRAFICA-REFERENCIA_5_b.png\",\"datePublished\":\"2023-05-03T10:46:10+00:00\",\"description\":\"La iniciativa 'Buenas hasta el Os' anima a gaudir de la \\\"fruita d'os de cooperatives espanyoles, de temporada, natural i saludable\\\"\",\"breadcrumb\":{\"@id\":\"https:\\\/\\\/buenashastaelhueso.es\\\/ca\\\/la-iniciativa-buenas-hasta-el-os-anima-a-gaudir-de-la-fruita-dos-de-cooperatives-espanyoles-de-temporada-natural-i-saludable#breadcrumb\"},\"inLanguage\":\"ca\",\"potentialAction\":[{\"@type\":\"ReadAction\",\"target\":[\"https:\\\/\\\/buenashastaelhueso.es\\\/ca\\\/la-iniciativa-buenas-hasta-el-os-anima-a-gaudir-de-la-fruita-dos-de-cooperatives-espanyoles-de-temporada-natural-i-saludable\"]}]},{\"@type\":\"ImageObject\",\"inLanguage\":\"ca\",\"@id\":\"https:\\\/\\\/buenashastaelhueso.es\\\/ca\\\/la-iniciativa-buenas-hasta-el-os-anima-a-gaudir-de-la-fruita-dos-de-cooperatives-espanyoles-de-temporada-natural-i-saludable#primaryimage\",\"url\":\"https:\\\/\\\/buenashastaelhueso.es\\\/wp-content\\\/uploads\\\/2023\\\/05\\\/GRAFICA-REFERENCIA_5_b.png\",\"contentUrl\":\"https:\\\/\\\/buenashastaelhueso.es\\\/wp-content\\\/uploads\\\/2023\\\/05\\\/GRAFICA-REFERENCIA_5_b.png\",\"width\":1200,\"height\":628},{\"@type\":\"BreadcrumbList\",\"@id\":\"https:\\\/\\\/buenashastaelhueso.es\\\/ca\\\/la-iniciativa-buenas-hasta-el-os-anima-a-gaudir-de-la-fruita-dos-de-cooperatives-espanyoles-de-temporada-natural-i-saludable#breadcrumb\",\"itemListElement\":[{\"@type\":\"ListItem\",\"position\":1,\"name\":\"Portada\",\"item\":\"https:\\\/\\\/buenashastaelhueso.es\\\/\"},{\"@type\":\"ListItem\",\"position\":2,\"name\":\"La iniciativa &#8216;Buenas hasta el Os&#8217; anima a gaudir de la &#8220;fruita d&#8217;os de cooperatives espanyoles, de temporada, natural i saludable&#8221;\"}]},{\"@type\":\"WebSite\",\"@id\":\"https:\\\/\\\/buenashastaelhueso.es\\\/#website\",\"url\":\"https:\\\/\\\/buenashastaelhueso.es\\\/\",\"name\":\"Buenas Hasta el Hueso\",\"description\":\"Melocot\u00f3n, cereza, albaricoque, ciruela, nectarina, paraguayo... Las frutas de hueso son todo sabor, \u00a1y muy sanas! Descubre Buenas Hasta El Hueso\",\"publisher\":{\"@id\":\"https:\\\/\\\/buenashastaelhueso.es\\\/#organization\"},\"potentialAction\":[{\"@type\":\"SearchAction\",\"target\":{\"@type\":\"EntryPoint\",\"urlTemplate\":\"https:\\\/\\\/buenashastaelhueso.es\\\/?s={search_term_string}\"},\"query-input\":{\"@type\":\"PropertyValueSpecification\",\"valueRequired\":true,\"valueName\":\"search_term_string\"}}],\"inLanguage\":\"ca\"},{\"@type\":\"Organization\",\"@id\":\"https:\\\/\\\/buenashastaelhueso.es\\\/#organization\",\"name\":\"Buenas Hasta el Hueso\",\"url\":\"https:\\\/\\\/buenashastaelhueso.es\\\/\",\"logo\":{\"@type\":\"ImageObject\",\"inLanguage\":\"ca\",\"@id\":\"https:\\\/\\\/buenashastaelhueso.es\\\/#\\\/schema\\\/logo\\\/image\\\/\",\"url\":\"https:\\\/\\\/buenashastaelhueso.es\\\/wp-content\\\/uploads\\\/2023\\\/05\\\/LOGO_2_JPEG.jpg\",\"contentUrl\":\"https:\\\/\\\/buenashastaelhueso.es\\\/wp-content\\\/uploads\\\/2023\\\/05\\\/LOGO_2_JPEG.jpg\",\"width\":1080,\"height\":1080,\"caption\":\"Buenas Hasta el Hueso\"},\"image\":{\"@id\":\"https:\\\/\\\/buenashastaelhueso.es\\\/#\\\/schema\\\/logo\\\/image\\\/\"},\"sameAs\":[\"https:\\\/\\\/www.facebook.com\\\/buenashastaelhueso\",\"https:\\\/\\\/x.com\\\/Fruta_de_Hueso\",\"https:\\\/\\\/www.instagram.com\\\/buenashastaelhueso\",\"https:\\\/\\\/www.youtube.com\\\/channel\\\/UCGcztHmqo_HxpsbEO2i-8gw\",\"https:\\\/\\\/www.tiktok.com\\\/@buenashastaelhueso\"]},{\"@type\":\"Person\",\"@id\":\"https:\\\/\\\/buenashastaelhueso.es\\\/#\\\/schema\\\/person\\\/32e7987c8f268985fdbd7d1e95a3e895\",\"name\":\"Adminverabril\",\"image\":{\"@type\":\"ImageObject\",\"inLanguage\":\"ca\",\"@id\":\"https:\\\/\\\/secure.gravatar.com\\\/avatar\\\/d7221e37c27fddd2b3ead0d5cc83af48521b4a8354cb0c62701db9702af43f82?s=96&d=mm&r=g\",\"url\":\"https:\\\/\\\/secure.gravatar.com\\\/avatar\\\/d7221e37c27fddd2b3ead0d5cc83af48521b4a8354cb0c62701db9702af43f82?s=96&d=mm&r=g\",\"contentUrl\":\"https:\\\/\\\/secure.gravatar.com\\\/avatar\\\/d7221e37c27fddd2b3ead0d5cc83af48521b4a8354cb0c62701db9702af43f82?s=96&d=mm&r=g\",\"caption\":\"Adminverabril\"},\"sameAs\":[\"http:\\\/\\\/buenashastaelhueso.es\"],\"url\":\"https:\\\/\\\/buenashastaelhueso.es\\\/ca\\\/author\\\/adminverabril\"}]}<\/script>\n<!-- \/ Yoast SEO plugin. -->","yoast_head_json":{"title":"Fruita de pinyol - Descobreix la iniciativa \"Bones Fins a l'Os\"","description":"La iniciativa 'Buenas hasta el Os' anima a gaudir de la \"fruita d'os de cooperatives espanyoles, de temporada, natural i saludable\"","robots":{"index":"index","follow":"follow","max-snippet":"max-snippet:-1","max-image-preview":"max-image-preview:large","max-video-preview":"max-video-preview:-1"},"canonical":"https:\/\/buenashastaelhueso.es\/ca\/la-iniciativa-buenas-hasta-el-os-anima-a-gaudir-de-la-fruita-dos-de-cooperatives-espanyoles-de-temporada-natural-i-saludable","og_locale":"ca_ES","og_type":"article","og_title":"Fruita de pinyol - Descobreix la iniciativa \"Bones Fins a l'Os\"","og_description":"La iniciativa 'Buenas hasta el Os' anima a gaudir de la \"fruita d'os de cooperatives espanyoles, de temporada, natural i saludable\"","og_url":"https:\/\/buenashastaelhueso.es\/ca\/la-iniciativa-buenas-hasta-el-os-anima-a-gaudir-de-la-fruita-dos-de-cooperatives-espanyoles-de-temporada-natural-i-saludable","og_site_name":"Buenas hasta el hueso","article_publisher":"https:\/\/www.facebook.com\/buenashastaelhueso","article_published_time":"2023-05-03T10:46:10+00:00","og_image":[{"width":1200,"height":628,"url":"https:\/\/buenashastaelhueso.es\/wp-content\/uploads\/2023\/05\/GRAFICA-REFERENCIA_5_b.png","type":"image\/png"}],"author":"Adminverabril","twitter_card":"summary_large_image","twitter_creator":"@Fruta_de_Hueso","twitter_site":"@Fruta_de_Hueso","twitter_misc":{"Escrit per":"Adminverabril","Temps estimat de lectura":"2 minuts"},"schema":{"@context":"https:\/\/schema.org","@graph":[{"@type":"Article","@id":"https:\/\/buenashastaelhueso.es\/ca\/la-iniciativa-buenas-hasta-el-os-anima-a-gaudir-de-la-fruita-dos-de-cooperatives-espanyoles-de-temporada-natural-i-saludable#article","isPartOf":{"@id":"https:\/\/buenashastaelhueso.es\/ca\/la-iniciativa-buenas-hasta-el-os-anima-a-gaudir-de-la-fruita-dos-de-cooperatives-espanyoles-de-temporada-natural-i-saludable"},"author":{"name":"Adminverabril","@id":"https:\/\/buenashastaelhueso.es\/#\/schema\/person\/32e7987c8f268985fdbd7d1e95a3e895"},"headline":"La iniciativa &#8216;Buenas hasta el Os&#8217; anima a gaudir de la &#8220;fruita d&#8217;os de cooperatives espanyoles, de temporada, natural i saludable&#8221;","datePublished":"2023-05-03T10:46:10+00:00","mainEntityOfPage":{"@id":"https:\/\/buenashastaelhueso.es\/ca\/la-iniciativa-buenas-hasta-el-os-anima-a-gaudir-de-la-fruita-dos-de-cooperatives-espanyoles-de-temporada-natural-i-saludable"},"wordCount":426,"commentCount":0,"publisher":{"@id":"https:\/\/buenashastaelhueso.es\/#organization"},"image":{"@id":"https:\/\/buenashastaelhueso.es\/ca\/la-iniciativa-buenas-hasta-el-os-anima-a-gaudir-de-la-fruita-dos-de-cooperatives-espanyoles-de-temporada-natural-i-saludable#primaryimage"},"thumbnailUrl":"https:\/\/buenashastaelhueso.es\/wp-content\/uploads\/2023\/05\/GRAFICA-REFERENCIA_5_b.png","keywords":["albercoc","bones fins a l'os","cirera","Cooperatives Agro-aliment\u00e0ries Comunitat Valenciana","Cooperatives Agroaliment\u00e0ries d'Arag\u00f3","Cooperatives Agroaliment\u00e0ries d'Espanya","fecoam","Federaci\u00f3 de Cooperatives Agr\u00e0ries de Catalunya","Federaci\u00f3 de Cooperatives Agr\u00e0ries de M\u00farcia","fruita de pinyol","nectarina","paraguai\u00e0","pr\u00e9ssec","pruna","sabor","saludable","salut"],"articleSection":["Not\u00edcies"],"inLanguage":"ca","potentialAction":[{"@type":"CommentAction","name":"Comment","target":["https:\/\/buenashastaelhueso.es\/ca\/la-iniciativa-buenas-hasta-el-os-anima-a-gaudir-de-la-fruita-dos-de-cooperatives-espanyoles-de-temporada-natural-i-saludable#respond"]}]},{"@type":"WebPage","@id":"https:\/\/buenashastaelhueso.es\/ca\/la-iniciativa-buenas-hasta-el-os-anima-a-gaudir-de-la-fruita-dos-de-cooperatives-espanyoles-de-temporada-natural-i-saludable","url":"https:\/\/buenashastaelhueso.es\/ca\/la-iniciativa-buenas-hasta-el-os-anima-a-gaudir-de-la-fruita-dos-de-cooperatives-espanyoles-de-temporada-natural-i-saludable","name":"Fruita de pinyol - Descobreix la iniciativa \"Bones Fins a l'Os\"","isPartOf":{"@id":"https:\/\/buenashastaelhueso.es\/#website"},"primaryImageOfPage":{"@id":"https:\/\/buenashastaelhueso.es\/ca\/la-iniciativa-buenas-hasta-el-os-anima-a-gaudir-de-la-fruita-dos-de-cooperatives-espanyoles-de-temporada-natural-i-saludable#primaryimage"},"image":{"@id":"https:\/\/buenashastaelhueso.es\/ca\/la-iniciativa-buenas-hasta-el-os-anima-a-gaudir-de-la-fruita-dos-de-cooperatives-espanyoles-de-temporada-natural-i-saludable#primaryimage"},"thumbnailUrl":"https:\/\/buenashastaelhueso.es\/wp-content\/uploads\/2023\/05\/GRAFICA-REFERENCIA_5_b.png","datePublished":"2023-05-03T10:46:10+00:00","description":"La iniciativa 'Buenas hasta el Os' anima a gaudir de la \"fruita d'os de cooperatives espanyoles, de temporada, natural i saludable\"","breadcrumb":{"@id":"https:\/\/buenashastaelhueso.es\/ca\/la-iniciativa-buenas-hasta-el-os-anima-a-gaudir-de-la-fruita-dos-de-cooperatives-espanyoles-de-temporada-natural-i-saludable#breadcrumb"},"inLanguage":"ca","potentialAction":[{"@type":"ReadAction","target":["https:\/\/buenashastaelhueso.es\/ca\/la-iniciativa-buenas-hasta-el-os-anima-a-gaudir-de-la-fruita-dos-de-cooperatives-espanyoles-de-temporada-natural-i-saludable"]}]},{"@type":"ImageObject","inLanguage":"ca","@id":"https:\/\/buenashastaelhueso.es\/ca\/la-iniciativa-buenas-hasta-el-os-anima-a-gaudir-de-la-fruita-dos-de-cooperatives-espanyoles-de-temporada-natural-i-saludable#primaryimage","url":"https:\/\/buenashastaelhueso.es\/wp-content\/uploads\/2023\/05\/GRAFICA-REFERENCIA_5_b.png","contentUrl":"https:\/\/buenashastaelhueso.es\/wp-content\/uploads\/2023\/05\/GRAFICA-REFERENCIA_5_b.png","width":1200,"height":628},{"@type":"BreadcrumbList","@id":"https:\/\/buenashastaelhueso.es\/ca\/la-iniciativa-buenas-hasta-el-os-anima-a-gaudir-de-la-fruita-dos-de-cooperatives-espanyoles-de-temporada-natural-i-saludable#breadcrumb","itemListElement":[{"@type":"ListItem","position":1,"name":"Portada","item":"https:\/\/buenashastaelhueso.es\/"},{"@type":"ListItem","position":2,"name":"La iniciativa &#8216;Buenas hasta el Os&#8217; anima a gaudir de la &#8220;fruita d&#8217;os de cooperatives espanyoles, de temporada, natural i saludable&#8221;"}]},{"@type":"WebSite","@id":"https:\/\/buenashastaelhueso.es\/#website","url":"https:\/\/buenashastaelhueso.es\/","name":"Buenas Hasta el Hueso","description":"Melocot\u00f3n, cereza, albaricoque, ciruela, nectarina, paraguayo... Las frutas de hueso son todo sabor, \u00a1y muy sanas! Descubre Buenas Hasta El Hueso","publisher":{"@id":"https:\/\/buenashastaelhueso.es\/#organization"},"potentialAction":[{"@type":"SearchAction","target":{"@type":"EntryPoint","urlTemplate":"https:\/\/buenashastaelhueso.es\/?s={search_term_string}"},"query-input":{"@type":"PropertyValueSpecification","valueRequired":true,"valueName":"search_term_string"}}],"inLanguage":"ca"},{"@type":"Organization","@id":"https:\/\/buenashastaelhueso.es\/#organization","name":"Buenas Hasta el Hueso","url":"https:\/\/buenashastaelhueso.es\/","logo":{"@type":"ImageObject","inLanguage":"ca","@id":"https:\/\/buenashastaelhueso.es\/#\/schema\/logo\/image\/","url":"https:\/\/buenashastaelhueso.es\/wp-content\/uploads\/2023\/05\/LOGO_2_JPEG.jpg","contentUrl":"https:\/\/buenashastaelhueso.es\/wp-content\/uploads\/2023\/05\/LOGO_2_JPEG.jpg","width":1080,"height":1080,"caption":"Buenas Hasta el Hueso"},"image":{"@id":"https:\/\/buenashastaelhueso.es\/#\/schema\/logo\/image\/"},"sameAs":["https:\/\/www.facebook.com\/buenashastaelhueso","https:\/\/x.com\/Fruta_de_Hueso","https:\/\/www.instagram.com\/buenashastaelhueso","https:\/\/www.youtube.com\/channel\/UCGcztHmqo_HxpsbEO2i-8gw","https:\/\/www.tiktok.com\/@buenashastaelhueso"]},{"@type":"Person","@id":"https:\/\/buenashastaelhueso.es\/#\/schema\/person\/32e7987c8f268985fdbd7d1e95a3e895","name":"Adminverabril","image":{"@type":"ImageObject","inLanguage":"ca","@id":"https:\/\/secure.gravatar.com\/avatar\/d7221e37c27fddd2b3ead0d5cc83af48521b4a8354cb0c62701db9702af43f82?s=96&d=mm&r=g","url":"https:\/\/secure.gravatar.com\/avatar\/d7221e37c27fddd2b3ead0d5cc83af48521b4a8354cb0c62701db9702af43f82?s=96&d=mm&r=g","contentUrl":"https:\/\/secure.gravatar.com\/avatar\/d7221e37c27fddd2b3ead0d5cc83af48521b4a8354cb0c62701db9702af43f82?s=96&d=mm&r=g","caption":"Adminverabril"},"sameAs":["http:\/\/buenashastaelhueso.es"],"url":"https:\/\/buenashastaelhueso.es\/ca\/author\/adminverabril"}]}},"_links":{"self":[{"href":"https:\/\/buenashastaelhueso.es\/ca\/wp-json\/wp\/v2\/posts\/2057","targetHints":{"allow":["GET"]}}],"collection":[{"href":"https:\/\/buenashastaelhueso.es\/ca\/wp-json\/wp\/v2\/posts"}],"about":[{"href":"https:\/\/buenashastaelhueso.es\/ca\/wp-json\/wp\/v2\/types\/post"}],"author":[{"embeddable":true,"href":"https:\/\/buenashastaelhueso.es\/ca\/wp-json\/wp\/v2\/users\/1"}],"replies":[{"embeddable":true,"href":"https:\/\/buenashastaelhueso.es\/ca\/wp-json\/wp\/v2\/comments?post=2057"}],"version-history":[{"count":0,"href":"https:\/\/buenashastaelhueso.es\/ca\/wp-json\/wp\/v2\/posts\/2057\/revisions"}],"wp:featuredmedia":[{"embeddable":true,"href":"https:\/\/buenashastaelhueso.es\/ca\/wp-json\/wp\/v2\/media\/1766"}],"wp:attachment":[{"href":"https:\/\/buenashastaelhueso.es\/ca\/wp-json\/wp\/v2\/media?parent=2057"}],"wp:term":[{"taxonomy":"category","embeddable":true,"href":"https:\/\/buenashastaelhueso.es\/ca\/wp-json\/wp\/v2\/categories?post=2057"},{"taxonomy":"post_tag","embeddable":true,"href":"https:\/\/buenashastaelhueso.es\/ca\/wp-json\/wp\/v2\/tags?post=2057"}],"curies":[{"name":"wp","href":"https:\/\/api.w.org\/{rel}","templated":true}]}}