{"id":2038,"date":"2023-03-14T15:35:49","date_gmt":"2023-03-14T15:35:49","guid":{"rendered":"https:\/\/buenashastaelhueso.es\/quantes-peces-de-fruita-i-verdura-cal-menjar-al-dia-3"},"modified":"2023-03-14T15:35:49","modified_gmt":"2023-03-14T15:35:49","slug":"quantes-peces-de-fruita-i-verdura-cal-menjar-al-dia-3","status":"publish","type":"post","link":"https:\/\/buenashastaelhueso.es\/ca\/quantes-peces-de-fruita-i-verdura-cal-menjar-al-dia-3","title":{"rendered":"Quantes peces de fruita i verdura cal menjar al dia? 3"},"content":{"rendered":"\n<h3 class=\"wp-block-heading\">Quantes peces de fruita i verdura cal menjar al dia?<\/h3>\n\n\n\n<p>Les fruites i verdures s\u00f3n aliments essencials en qualsevol dieta saludable, ja que s\u00f3n fonamentals per al nostre organisme. Ens aporten nombrosos&nbsp;<strong>nutrients, vitamines i minerals<\/strong> . Tamb\u00e9 contenen&nbsp;<strong>fibra<\/strong> , que ajuda a millorar la salut de l&#8217;intest\u00ed, i aigua per mantenir el nostre cos hidratat i en forma. \u00c9s per aix\u00f2 que consumir fruites i verdures en les quantitats adequades ajuda a&nbsp;<strong>prevenir certes malalties<\/strong>&nbsp; com diabetis, obesitat, cardiopaties, etc. ia tenir un millor estat de&nbsp; salut.&nbsp;&nbsp;<\/p>\n\n\n\n<p>Saps&nbsp;<strong>quantes peces de fruita i verdura cal menjar al dia<\/strong> ? Coneixes els beneficis? Si segueixes llegint aquest article de&nbsp;<strong>Granafarma<\/strong>&nbsp; trobar\u00e0s tota la informaci\u00f3 sobre aix\u00f2.<\/p>\n\n\n\n<h2 class=\"wp-block-heading\">Quina quantitat de fruites i verdures cal menjar al dia?<\/h2>\n\n\n\n<p>Segons l&#8217;Organitzaci\u00f3 Mundial de la Salut, cal menjar almenys&nbsp;<strong>cinc racions de fruita i verdura cada dia<\/strong>&nbsp; per mantenir una dieta saludable. Aix\u00f2 equival a uns&nbsp;<strong>400 grams en total<\/strong>&nbsp; i uns&nbsp;<strong>80 grams per raci\u00f3<\/strong> .&nbsp;<\/p>\n\n\n\n<p>Perqu\u00e8 et facis una idea, amb una raci\u00f3 podries incloure mitja poma, pera, pl\u00e0tan o taronja, uns vuit ra\u00efms, mitja tassa de maduixes, cireres, m\u00f3res o nabius, mitja llesca de mel\u00f3 o s\u00edndria, un kiwi, albercoc, mandarina o pruna. En una raci\u00f3 de verdures i hortalisses, podries incloure mig plat petit d&#8217;espinacs, mongetes tendres, bledes, br\u00f2quil i la resta d&#8217;hortalisses cuites, un plat d&#8217;enciam, quatre esp\u00e0rrecs, mig carbass\u00f3 o alberg\u00ednia i mig cogombre o pastanaga.&nbsp;<\/p>\n\n\n\n<figure class=\"wp-block-image\"><img decoding=\"async\" src=\"https:\/\/www.granafarma.com\/blog\/wp-content\/uploads\/2022\/10\/fruta-verdura1.png\" alt=\"\" class=\"wp-image-6644\"><\/figure>\n\n\n\n<h2 class=\"wp-block-heading\">Quins s\u00f3n els beneficis de les fruites i verdures?<\/h2>\n\n\n\n<p>Consumir fruites i verdures cada dia \u00e9s essencial perqu\u00e8 el nostre organisme funcioni correctament. I \u00e9s que les fruites i verdures permeten brindar al nostre cos tota mena de nutrients essencials per al bon funcionament de diversos processos. A continuaci\u00f3, us presentem els principals beneficis del consum d&#8217;aquests nutrients:<\/p>\n\n\n\n<h3 class=\"wp-block-heading\">Permeten saciar la gana<\/h3>\n\n\n\n<p>A causa del seu alt contingut en fibra, tant les fruites com les verdures, ens&nbsp; <strong>ajuden a mantenir la sensaci\u00f3 de sacietat per m\u00e9s temps<\/strong> , evitant amb aix\u00f2 que mengem entre hores qualsevol cosa que trobem.<\/p>\n\n\n\n<h3 class=\"wp-block-heading\">Ajuden a perdre pes<\/h3>\n\n\n\n<p>La millor manera d&#8217;aprimar-se de manera saludable \u00e9s menjant fruites i verdures. Aquests aliments ajuden a perdre pes de forma sana per diferents causes: tenen un&nbsp;<strong>gran poder saciant<\/strong>&nbsp; que controla la gana; contenen un alt contingut en&nbsp;<strong>fibra<\/strong> , de manera que ajuden a combatre la inflor abdominal, sense passar gana i sense haver de comptar calories;&nbsp;<strong>permeten combatre la retenci\u00f3 de l\u00edquids i el restrenyiment<\/strong>&nbsp; i tenen&nbsp;<strong>poques calories<\/strong> .<\/p>\n\n\n\n<h3 class=\"wp-block-heading\">Regulen el tr\u00e0nsit intestinal<\/h3>\n\n\n\n<p>A causa del seu alt contingut en fibra, vitamines, minerals i enzims, les fruites i les verdures s\u00f3n&nbsp;<strong>essencials per a una correcta funci\u00f3 intestinal<\/strong> . En menjar-les di\u00e0riament, es regula el tr\u00e0nsit intestinal.<\/p>\n\n\n\n<h3 class=\"wp-block-heading\">Nodreixen tots els \u00f2rgans<\/h3>\n\n\n\n<p>Les vitamines i minerals que trobem a les fruites i verdures&nbsp;<strong>permeten enfortir totes les c\u00e8l\u00b7lules, \u00f2rgans i sistemes del cos<\/strong> . S\u00f3n molts els nutrients que trobem en aquests aliments, a banda de vitamina C, ferro, zinc, magnesi i calci.<\/p>\n\n\n\n<h3 class=\"wp-block-heading\">Donen vitalitat<\/h3>\n\n\n\n<p>Com que s\u00f3n tan riques en nutrients, tant les verdures com les fruites s\u00f3n aliments que&nbsp; <strong>tenen lavantatge daugmentar els nivells denergia i vitalitat.<\/strong><\/p>\n\n\n\n<h3 class=\"wp-block-heading\">S\u00f3n font d&#8217;antioxidants<\/h3>\n\n\n\n<p>Les fruites i verdures s\u00f3n&nbsp; <strong>riques en antioxidants<\/strong> , els quals eviten el dany que produeixen els radicals lliures, els principals causants de l&#8217;envelliment.<\/p>\n\n\n\n<figure class=\"wp-block-image\"><img decoding=\"async\" src=\"https:\/\/www.granafarma.com\/blog\/wp-content\/uploads\/2022\/10\/fruta-verdura-di%CC%81a-1.png\" alt=\"\" class=\"wp-image-6645\"><\/figure>\n\n\n\n<h3 class=\"wp-block-heading\">Quines s\u00f3n les fruites i verdures m\u00e9s recomanades?<\/h3>\n\n\n\n<p>Les verdures i fruites m\u00e9s recomanades s\u00f3n les de&nbsp; <strong>fulla verda<\/strong> , aix\u00ed com els espinacs, les bledes i l&#8217;enciam, i les riques en betacarotens i vitamina C com els fruits del bosc, la pastanaga, la carbassa i el pebrot.<\/p>\n\n\n\n<p>A m\u00e9s,&nbsp;<strong>es recomana consumir-les en cru<\/strong>&nbsp; per beneficiar-nos de totes les propietats antioxidants. De la mateixa manera, encara que s&#8217;aconsella consumir peces senceres de fruita, tamb\u00e9 pots gaudir del seu sabor en batuts, liquats, sucs, etc., igual que els vegetals i hortalisses, que els pots menjar en brous, pur\u00e9s i moltes altres receptes .&nbsp;<\/p>\n\n\n\n<p>D&#8217;altra banda, s&#8217;aconsella consumir&nbsp;<strong>fruites i verdures de temporada<\/strong> , ja que ens aporten m\u00e9s propietats nutricionals, sabor i aromes en no haver estat cultivades a l&#8217;hivernacle. I, per si no n&#8217;hi hagu\u00e9s prou, estarem respectant el cicle natural de producci\u00f3 i, aix\u00ed, afavorint la sostenibilitat. Saps quines s\u00f3n les fruites i verdures de temporada? A&nbsp; Fruites Charito, han elaborat un&nbsp; calendari de fruites i verdures&nbsp; molt \u00fatil per saber quines s\u00f3n les fruites i les verdures fresques segons el mes de l&#8217;any. D&#8217;aquesta manera, tindr\u00e0s m\u00e9s informaci\u00f3 sobre els productes que compres i podr\u00e0s saber quins s\u00f3n els de la temporada i no importats d&#8217;altres pa\u00efsos, que moltes vegades han estat sotmesos a tractaments per a la conservaci\u00f3 i el transport.<\/p>\n\n\n\n<p>I fins aqu\u00ed tota la informaci\u00f3 sobre quantes peces de fruita i verdura menjar al dia. Esperem que t&#8217;hagi estat de gran utilitat aquest article de&nbsp;<strong>Granafarma<\/strong>&nbsp; i que puguis incloure la quantitat necess\u00e0ria de fruites i verdures a la teva alimentaci\u00f3 per tenir una salut de ferro. Recorda que a la nostra farm\u00e0cia tens a la teva disposici\u00f3 un ampli cat\u00e0leg de complements i vitamines a bon preu. T&#8217;esperem!<\/p>\n","protected":false},"excerpt":{"rendered":"<p>Quantes peces de fruita i verdura cal menjar al dia? Les fruites i verdures s\u00f3n aliments essencials en qualsevol dieta saludable, ja que s\u00f3n fonamentals per al nostre organisme. Ens aporten nombrosos&nbsp;nutrients, vitamines i minerals . Tamb\u00e9 contenen&nbsp;fibra , que ajuda a millorar la salut de l&#8217;intest\u00ed, i aigua per mantenir el nostre cos hidratat [&hellip;]<\/p>\n","protected":false},"author":1,"featured_media":1562,"comment_status":"open","ping_status":"open","sticky":false,"template":"","format":"standard","meta":{"footnotes":""},"categories":[98],"tags":[100,93,88,101,99,102],"class_list":["post-2038","post","type-post","status-publish","format-standard","has-post-thumbnail","hentry","category-salut","tag-albercoc","tag-cirera","tag-nectarina-ca","tag-paraguaia","tag-pressec","tag-pruna"],"yoast_head":"<!-- This site is optimized with the Yoast SEO plugin v27.5 - https:\/\/yoast.com\/product\/yoast-seo-wordpress\/ -->\n<title>Quantes peces de fruita i verdura cal menjar al dia? 3 - Buenas hasta el hueso<\/title>\n<meta name=\"robots\" content=\"index, follow, max-snippet:-1, max-image-preview:large, max-video-preview:-1\" \/>\n<link rel=\"canonical\" href=\"https:\/\/buenashastaelhueso.es\/quantes-peces-de-fruita-i-verdura-cal-menjar-al-dia-3\" \/>\n<meta property=\"og:locale\" content=\"ca_ES\" \/>\n<meta property=\"og:type\" content=\"article\" \/>\n<meta property=\"og:title\" content=\"Quantes peces de fruita i verdura cal menjar al dia? 3 - Buenas hasta el hueso\" \/>\n<meta property=\"og:description\" content=\"Quantes peces de fruita i verdura cal menjar al dia? Les fruites i verdures s\u00f3n aliments essencials en qualsevol dieta saludable, ja que s\u00f3n fonamentals per al nostre organisme. Ens aporten nombrosos&nbsp;nutrients, vitamines i minerals . Tamb\u00e9 contenen&nbsp;fibra , que ajuda a millorar la salut de l&#8217;intest\u00ed, i aigua per mantenir el nostre cos hidratat [&hellip;]\" \/>\n<meta property=\"og:url\" content=\"https:\/\/buenashastaelhueso.es\/quantes-peces-de-fruita-i-verdura-cal-menjar-al-dia-3\" \/>\n<meta property=\"og:site_name\" content=\"Buenas hasta el hueso\" \/>\n<meta property=\"article:publisher\" content=\"https:\/\/www.facebook.com\/buenashastaelhueso\" \/>\n<meta property=\"article:published_time\" content=\"2023-03-14T15:35:49+00:00\" \/>\n<meta property=\"og:image\" content=\"https:\/\/www.granafarma.com\/blog\/wp-content\/uploads\/2022\/10\/fruta-verdura1.png\" \/>\n<meta name=\"author\" content=\"Adminverabril\" \/>\n<meta name=\"twitter:card\" content=\"summary_large_image\" \/>\n<meta name=\"twitter:creator\" content=\"@Fruta_de_Hueso\" \/>\n<meta name=\"twitter:site\" content=\"@Fruta_de_Hueso\" \/>\n<meta name=\"twitter:label1\" content=\"Escrit per\" \/>\n\t<meta name=\"twitter:data1\" content=\"Adminverabril\" \/>\n\t<meta name=\"twitter:label2\" content=\"Temps estimat de lectura\" \/>\n\t<meta name=\"twitter:data2\" content=\"5 minuts\" \/>\n<script type=\"application\/ld+json\" class=\"yoast-schema-graph\">{\"@context\":\"https:\\\/\\\/schema.org\",\"@graph\":[{\"@type\":\"Article\",\"@id\":\"https:\\\/\\\/buenashastaelhueso.es\\\/quantes-peces-de-fruita-i-verdura-cal-menjar-al-dia-3#article\",\"isPartOf\":{\"@id\":\"https:\\\/\\\/buenashastaelhueso.es\\\/quantes-peces-de-fruita-i-verdura-cal-menjar-al-dia-3\"},\"author\":{\"name\":\"Adminverabril\",\"@id\":\"https:\\\/\\\/buenashastaelhueso.es\\\/#\\\/schema\\\/person\\\/32e7987c8f268985fdbd7d1e95a3e895\"},\"headline\":\"Quantes peces de fruita i verdura cal menjar al dia? 3\",\"datePublished\":\"2023-03-14T15:35:49+00:00\",\"mainEntityOfPage\":{\"@id\":\"https:\\\/\\\/buenashastaelhueso.es\\\/quantes-peces-de-fruita-i-verdura-cal-menjar-al-dia-3\"},\"wordCount\":940,\"commentCount\":0,\"publisher\":{\"@id\":\"https:\\\/\\\/buenashastaelhueso.es\\\/#organization\"},\"image\":{\"@id\":\"https:\\\/\\\/buenashastaelhueso.es\\\/quantes-peces-de-fruita-i-verdura-cal-menjar-al-dia-3#primaryimage\"},\"thumbnailUrl\":\"https:\\\/\\\/buenashastaelhueso.es\\\/wp-content\\\/uploads\\\/2023\\\/03\\\/healthy-food-background-healthy-food-in-paper-ba-2021-12-09-02-46-38-utc-scaled.jpg\",\"keywords\":[\"albercoc\",\"cirera\",\"nectarina\",\"paraguai\u00e0\",\"pr\u00e9ssec\",\"pruna\"],\"articleSection\":[\"Salut\"],\"inLanguage\":\"ca\",\"potentialAction\":[{\"@type\":\"CommentAction\",\"name\":\"Comment\",\"target\":[\"https:\\\/\\\/buenashastaelhueso.es\\\/quantes-peces-de-fruita-i-verdura-cal-menjar-al-dia-3#respond\"]}]},{\"@type\":\"WebPage\",\"@id\":\"https:\\\/\\\/buenashastaelhueso.es\\\/quantes-peces-de-fruita-i-verdura-cal-menjar-al-dia-3\",\"url\":\"https:\\\/\\\/buenashastaelhueso.es\\\/quantes-peces-de-fruita-i-verdura-cal-menjar-al-dia-3\",\"name\":\"Quantes peces de fruita i verdura cal menjar al dia? 3 - Buenas hasta el hueso\",\"isPartOf\":{\"@id\":\"https:\\\/\\\/buenashastaelhueso.es\\\/#website\"},\"primaryImageOfPage\":{\"@id\":\"https:\\\/\\\/buenashastaelhueso.es\\\/quantes-peces-de-fruita-i-verdura-cal-menjar-al-dia-3#primaryimage\"},\"image\":{\"@id\":\"https:\\\/\\\/buenashastaelhueso.es\\\/quantes-peces-de-fruita-i-verdura-cal-menjar-al-dia-3#primaryimage\"},\"thumbnailUrl\":\"https:\\\/\\\/buenashastaelhueso.es\\\/wp-content\\\/uploads\\\/2023\\\/03\\\/healthy-food-background-healthy-food-in-paper-ba-2021-12-09-02-46-38-utc-scaled.jpg\",\"datePublished\":\"2023-03-14T15:35:49+00:00\",\"breadcrumb\":{\"@id\":\"https:\\\/\\\/buenashastaelhueso.es\\\/quantes-peces-de-fruita-i-verdura-cal-menjar-al-dia-3#breadcrumb\"},\"inLanguage\":\"ca\",\"potentialAction\":[{\"@type\":\"ReadAction\",\"target\":[\"https:\\\/\\\/buenashastaelhueso.es\\\/quantes-peces-de-fruita-i-verdura-cal-menjar-al-dia-3\"]}]},{\"@type\":\"ImageObject\",\"inLanguage\":\"ca\",\"@id\":\"https:\\\/\\\/buenashastaelhueso.es\\\/quantes-peces-de-fruita-i-verdura-cal-menjar-al-dia-3#primaryimage\",\"url\":\"https:\\\/\\\/buenashastaelhueso.es\\\/wp-content\\\/uploads\\\/2023\\\/03\\\/healthy-food-background-healthy-food-in-paper-ba-2021-12-09-02-46-38-utc-scaled.jpg\",\"contentUrl\":\"https:\\\/\\\/buenashastaelhueso.es\\\/wp-content\\\/uploads\\\/2023\\\/03\\\/healthy-food-background-healthy-food-in-paper-ba-2021-12-09-02-46-38-utc-scaled.jpg\",\"width\":2560,\"height\":2261,\"caption\":\"Healthy food background. Healthy food in paper bag, fruits and berries\"},{\"@type\":\"BreadcrumbList\",\"@id\":\"https:\\\/\\\/buenashastaelhueso.es\\\/quantes-peces-de-fruita-i-verdura-cal-menjar-al-dia-3#breadcrumb\",\"itemListElement\":[{\"@type\":\"ListItem\",\"position\":1,\"name\":\"Portada\",\"item\":\"https:\\\/\\\/buenashastaelhueso.es\\\/\"},{\"@type\":\"ListItem\",\"position\":2,\"name\":\"Quantes peces de fruita i verdura cal menjar al dia? 3\"}]},{\"@type\":\"WebSite\",\"@id\":\"https:\\\/\\\/buenashastaelhueso.es\\\/#website\",\"url\":\"https:\\\/\\\/buenashastaelhueso.es\\\/\",\"name\":\"Buenas Hasta el Hueso\",\"description\":\"Melocot\u00f3n, cereza, albaricoque, ciruela, nectarina, paraguayo... Las frutas de hueso son todo sabor, \u00a1y muy sanas! Descubre Buenas Hasta El Hueso\",\"publisher\":{\"@id\":\"https:\\\/\\\/buenashastaelhueso.es\\\/#organization\"},\"potentialAction\":[{\"@type\":\"SearchAction\",\"target\":{\"@type\":\"EntryPoint\",\"urlTemplate\":\"https:\\\/\\\/buenashastaelhueso.es\\\/?s={search_term_string}\"},\"query-input\":{\"@type\":\"PropertyValueSpecification\",\"valueRequired\":true,\"valueName\":\"search_term_string\"}}],\"inLanguage\":\"ca\"},{\"@type\":\"Organization\",\"@id\":\"https:\\\/\\\/buenashastaelhueso.es\\\/#organization\",\"name\":\"Buenas Hasta el Hueso\",\"url\":\"https:\\\/\\\/buenashastaelhueso.es\\\/\",\"logo\":{\"@type\":\"ImageObject\",\"inLanguage\":\"ca\",\"@id\":\"https:\\\/\\\/buenashastaelhueso.es\\\/#\\\/schema\\\/logo\\\/image\\\/\",\"url\":\"https:\\\/\\\/buenashastaelhueso.es\\\/wp-content\\\/uploads\\\/2023\\\/05\\\/LOGO_2_JPEG.jpg\",\"contentUrl\":\"https:\\\/\\\/buenashastaelhueso.es\\\/wp-content\\\/uploads\\\/2023\\\/05\\\/LOGO_2_JPEG.jpg\",\"width\":1080,\"height\":1080,\"caption\":\"Buenas Hasta el Hueso\"},\"image\":{\"@id\":\"https:\\\/\\\/buenashastaelhueso.es\\\/#\\\/schema\\\/logo\\\/image\\\/\"},\"sameAs\":[\"https:\\\/\\\/www.facebook.com\\\/buenashastaelhueso\",\"https:\\\/\\\/x.com\\\/Fruta_de_Hueso\",\"https:\\\/\\\/www.instagram.com\\\/buenashastaelhueso\",\"https:\\\/\\\/www.youtube.com\\\/channel\\\/UCGcztHmqo_HxpsbEO2i-8gw\",\"https:\\\/\\\/www.tiktok.com\\\/@buenashastaelhueso\"]},{\"@type\":\"Person\",\"@id\":\"https:\\\/\\\/buenashastaelhueso.es\\\/#\\\/schema\\\/person\\\/32e7987c8f268985fdbd7d1e95a3e895\",\"name\":\"Adminverabril\",\"image\":{\"@type\":\"ImageObject\",\"inLanguage\":\"ca\",\"@id\":\"https:\\\/\\\/secure.gravatar.com\\\/avatar\\\/d7221e37c27fddd2b3ead0d5cc83af48521b4a8354cb0c62701db9702af43f82?s=96&d=mm&r=g\",\"url\":\"https:\\\/\\\/secure.gravatar.com\\\/avatar\\\/d7221e37c27fddd2b3ead0d5cc83af48521b4a8354cb0c62701db9702af43f82?s=96&d=mm&r=g\",\"contentUrl\":\"https:\\\/\\\/secure.gravatar.com\\\/avatar\\\/d7221e37c27fddd2b3ead0d5cc83af48521b4a8354cb0c62701db9702af43f82?s=96&d=mm&r=g\",\"caption\":\"Adminverabril\"},\"sameAs\":[\"http:\\\/\\\/buenashastaelhueso.es\"],\"url\":\"https:\\\/\\\/buenashastaelhueso.es\\\/ca\\\/author\\\/adminverabril\"}]}<\/script>\n<!-- \/ Yoast SEO plugin. -->","yoast_head_json":{"title":"Quantes peces de fruita i verdura cal menjar al dia? 3 - Buenas hasta el hueso","robots":{"index":"index","follow":"follow","max-snippet":"max-snippet:-1","max-image-preview":"max-image-preview:large","max-video-preview":"max-video-preview:-1"},"canonical":"https:\/\/buenashastaelhueso.es\/quantes-peces-de-fruita-i-verdura-cal-menjar-al-dia-3","og_locale":"ca_ES","og_type":"article","og_title":"Quantes peces de fruita i verdura cal menjar al dia? 3 - Buenas hasta el hueso","og_description":"Quantes peces de fruita i verdura cal menjar al dia? Les fruites i verdures s\u00f3n aliments essencials en qualsevol dieta saludable, ja que s\u00f3n fonamentals per al nostre organisme. Ens aporten nombrosos&nbsp;nutrients, vitamines i minerals . Tamb\u00e9 contenen&nbsp;fibra , que ajuda a millorar la salut de l&#8217;intest\u00ed, i aigua per mantenir el nostre cos hidratat [&hellip;]","og_url":"https:\/\/buenashastaelhueso.es\/quantes-peces-de-fruita-i-verdura-cal-menjar-al-dia-3","og_site_name":"Buenas hasta el hueso","article_publisher":"https:\/\/www.facebook.com\/buenashastaelhueso","article_published_time":"2023-03-14T15:35:49+00:00","og_image":[{"url":"https:\/\/www.granafarma.com\/blog\/wp-content\/uploads\/2022\/10\/fruta-verdura1.png","type":"","width":"","height":""}],"author":"Adminverabril","twitter_card":"summary_large_image","twitter_creator":"@Fruta_de_Hueso","twitter_site":"@Fruta_de_Hueso","twitter_misc":{"Escrit per":"Adminverabril","Temps estimat de lectura":"5 minuts"},"schema":{"@context":"https:\/\/schema.org","@graph":[{"@type":"Article","@id":"https:\/\/buenashastaelhueso.es\/quantes-peces-de-fruita-i-verdura-cal-menjar-al-dia-3#article","isPartOf":{"@id":"https:\/\/buenashastaelhueso.es\/quantes-peces-de-fruita-i-verdura-cal-menjar-al-dia-3"},"author":{"name":"Adminverabril","@id":"https:\/\/buenashastaelhueso.es\/#\/schema\/person\/32e7987c8f268985fdbd7d1e95a3e895"},"headline":"Quantes peces de fruita i verdura cal menjar al dia? 3","datePublished":"2023-03-14T15:35:49+00:00","mainEntityOfPage":{"@id":"https:\/\/buenashastaelhueso.es\/quantes-peces-de-fruita-i-verdura-cal-menjar-al-dia-3"},"wordCount":940,"commentCount":0,"publisher":{"@id":"https:\/\/buenashastaelhueso.es\/#organization"},"image":{"@id":"https:\/\/buenashastaelhueso.es\/quantes-peces-de-fruita-i-verdura-cal-menjar-al-dia-3#primaryimage"},"thumbnailUrl":"https:\/\/buenashastaelhueso.es\/wp-content\/uploads\/2023\/03\/healthy-food-background-healthy-food-in-paper-ba-2021-12-09-02-46-38-utc-scaled.jpg","keywords":["albercoc","cirera","nectarina","paraguai\u00e0","pr\u00e9ssec","pruna"],"articleSection":["Salut"],"inLanguage":"ca","potentialAction":[{"@type":"CommentAction","name":"Comment","target":["https:\/\/buenashastaelhueso.es\/quantes-peces-de-fruita-i-verdura-cal-menjar-al-dia-3#respond"]}]},{"@type":"WebPage","@id":"https:\/\/buenashastaelhueso.es\/quantes-peces-de-fruita-i-verdura-cal-menjar-al-dia-3","url":"https:\/\/buenashastaelhueso.es\/quantes-peces-de-fruita-i-verdura-cal-menjar-al-dia-3","name":"Quantes peces de fruita i verdura cal menjar al dia? 3 - Buenas hasta el hueso","isPartOf":{"@id":"https:\/\/buenashastaelhueso.es\/#website"},"primaryImageOfPage":{"@id":"https:\/\/buenashastaelhueso.es\/quantes-peces-de-fruita-i-verdura-cal-menjar-al-dia-3#primaryimage"},"image":{"@id":"https:\/\/buenashastaelhueso.es\/quantes-peces-de-fruita-i-verdura-cal-menjar-al-dia-3#primaryimage"},"thumbnailUrl":"https:\/\/buenashastaelhueso.es\/wp-content\/uploads\/2023\/03\/healthy-food-background-healthy-food-in-paper-ba-2021-12-09-02-46-38-utc-scaled.jpg","datePublished":"2023-03-14T15:35:49+00:00","breadcrumb":{"@id":"https:\/\/buenashastaelhueso.es\/quantes-peces-de-fruita-i-verdura-cal-menjar-al-dia-3#breadcrumb"},"inLanguage":"ca","potentialAction":[{"@type":"ReadAction","target":["https:\/\/buenashastaelhueso.es\/quantes-peces-de-fruita-i-verdura-cal-menjar-al-dia-3"]}]},{"@type":"ImageObject","inLanguage":"ca","@id":"https:\/\/buenashastaelhueso.es\/quantes-peces-de-fruita-i-verdura-cal-menjar-al-dia-3#primaryimage","url":"https:\/\/buenashastaelhueso.es\/wp-content\/uploads\/2023\/03\/healthy-food-background-healthy-food-in-paper-ba-2021-12-09-02-46-38-utc-scaled.jpg","contentUrl":"https:\/\/buenashastaelhueso.es\/wp-content\/uploads\/2023\/03\/healthy-food-background-healthy-food-in-paper-ba-2021-12-09-02-46-38-utc-scaled.jpg","width":2560,"height":2261,"caption":"Healthy food background. Healthy food in paper bag, fruits and berries"},{"@type":"BreadcrumbList","@id":"https:\/\/buenashastaelhueso.es\/quantes-peces-de-fruita-i-verdura-cal-menjar-al-dia-3#breadcrumb","itemListElement":[{"@type":"ListItem","position":1,"name":"Portada","item":"https:\/\/buenashastaelhueso.es\/"},{"@type":"ListItem","position":2,"name":"Quantes peces de fruita i verdura cal menjar al dia? 3"}]},{"@type":"WebSite","@id":"https:\/\/buenashastaelhueso.es\/#website","url":"https:\/\/buenashastaelhueso.es\/","name":"Buenas Hasta el Hueso","description":"Melocot\u00f3n, cereza, albaricoque, ciruela, nectarina, paraguayo... Las frutas de hueso son todo sabor, \u00a1y muy sanas! Descubre Buenas Hasta El Hueso","publisher":{"@id":"https:\/\/buenashastaelhueso.es\/#organization"},"potentialAction":[{"@type":"SearchAction","target":{"@type":"EntryPoint","urlTemplate":"https:\/\/buenashastaelhueso.es\/?s={search_term_string}"},"query-input":{"@type":"PropertyValueSpecification","valueRequired":true,"valueName":"search_term_string"}}],"inLanguage":"ca"},{"@type":"Organization","@id":"https:\/\/buenashastaelhueso.es\/#organization","name":"Buenas Hasta el Hueso","url":"https:\/\/buenashastaelhueso.es\/","logo":{"@type":"ImageObject","inLanguage":"ca","@id":"https:\/\/buenashastaelhueso.es\/#\/schema\/logo\/image\/","url":"https:\/\/buenashastaelhueso.es\/wp-content\/uploads\/2023\/05\/LOGO_2_JPEG.jpg","contentUrl":"https:\/\/buenashastaelhueso.es\/wp-content\/uploads\/2023\/05\/LOGO_2_JPEG.jpg","width":1080,"height":1080,"caption":"Buenas Hasta el Hueso"},"image":{"@id":"https:\/\/buenashastaelhueso.es\/#\/schema\/logo\/image\/"},"sameAs":["https:\/\/www.facebook.com\/buenashastaelhueso","https:\/\/x.com\/Fruta_de_Hueso","https:\/\/www.instagram.com\/buenashastaelhueso","https:\/\/www.youtube.com\/channel\/UCGcztHmqo_HxpsbEO2i-8gw","https:\/\/www.tiktok.com\/@buenashastaelhueso"]},{"@type":"Person","@id":"https:\/\/buenashastaelhueso.es\/#\/schema\/person\/32e7987c8f268985fdbd7d1e95a3e895","name":"Adminverabril","image":{"@type":"ImageObject","inLanguage":"ca","@id":"https:\/\/secure.gravatar.com\/avatar\/d7221e37c27fddd2b3ead0d5cc83af48521b4a8354cb0c62701db9702af43f82?s=96&d=mm&r=g","url":"https:\/\/secure.gravatar.com\/avatar\/d7221e37c27fddd2b3ead0d5cc83af48521b4a8354cb0c62701db9702af43f82?s=96&d=mm&r=g","contentUrl":"https:\/\/secure.gravatar.com\/avatar\/d7221e37c27fddd2b3ead0d5cc83af48521b4a8354cb0c62701db9702af43f82?s=96&d=mm&r=g","caption":"Adminverabril"},"sameAs":["http:\/\/buenashastaelhueso.es"],"url":"https:\/\/buenashastaelhueso.es\/ca\/author\/adminverabril"}]}},"_links":{"self":[{"href":"https:\/\/buenashastaelhueso.es\/ca\/wp-json\/wp\/v2\/posts\/2038","targetHints":{"allow":["GET"]}}],"collection":[{"href":"https:\/\/buenashastaelhueso.es\/ca\/wp-json\/wp\/v2\/posts"}],"about":[{"href":"https:\/\/buenashastaelhueso.es\/ca\/wp-json\/wp\/v2\/types\/post"}],"author":[{"embeddable":true,"href":"https:\/\/buenashastaelhueso.es\/ca\/wp-json\/wp\/v2\/users\/1"}],"replies":[{"embeddable":true,"href":"https:\/\/buenashastaelhueso.es\/ca\/wp-json\/wp\/v2\/comments?post=2038"}],"version-history":[{"count":0,"href":"https:\/\/buenashastaelhueso.es\/ca\/wp-json\/wp\/v2\/posts\/2038\/revisions"}],"wp:featuredmedia":[{"embeddable":true,"href":"https:\/\/buenashastaelhueso.es\/ca\/wp-json\/wp\/v2\/media\/1562"}],"wp:attachment":[{"href":"https:\/\/buenashastaelhueso.es\/ca\/wp-json\/wp\/v2\/media?parent=2038"}],"wp:term":[{"taxonomy":"category","embeddable":true,"href":"https:\/\/buenashastaelhueso.es\/ca\/wp-json\/wp\/v2\/categories?post=2038"},{"taxonomy":"post_tag","embeddable":true,"href":"https:\/\/buenashastaelhueso.es\/ca\/wp-json\/wp\/v2\/tags?post=2038"}],"curies":[{"name":"wp","href":"https:\/\/api.w.org\/{rel}","templated":true}]}}